{"id":62002,"date":"2022-01-19T19:07:16","date_gmt":"2022-01-19T18:07:16","guid":{"rendered":"https:\/\/www.editorialjuventud.es\/?p=62002"},"modified":"2022-01-20T13:44:46","modified_gmt":"2022-01-20T12:44:46","slug":"a-poderosa-ilustracion-pocas-palabras","status":"publish","type":"post","link":"https:\/\/www.editorialjuventud.es\/ca\/a-poderosa-ilustracion-pocas-palabras\/","title":{"rendered":"A poderosa il\u00b7lustraci\u00f3, poques paraules calen"},"content":{"rendered":"\n<p>Aquest mes volem parlar-vos al blog d\u2019un tema molt especial&#8230; entre d\u2019altres motius perqu\u00e8 heu sigut vosaltres qui l\u2019heu escollit a trav\u00e9s del nostre Instagram Stories: <strong>els \u00e0lbums sense paraules<\/strong>. <\/p>\n\n\n\n<p>Vivim en un m\u00f3n en qu\u00e8 el visual va guanyant cada cop m\u00e9s pes. Mitjan\u00e7ant els \u00e0lbums il\u00b7lustrats, amb o sense text, podem ensenyar als nens a mirar i que interpretin el llenguatge visual. De fet, no pot ser d\u2019una altra manera. <strong>Ells entenen el m\u00f3n des de l\u2019observaci\u00f3<\/strong>, molt abans que amb el llenguatge oral. <\/p>\n\n\n\n<div style=\"height:20px\" aria-hidden=\"true\" class=\"wp-block-spacer\"><\/div>\n\n\n\n<figure class=\"wp-block-image\"><img loading=\"lazy\" decoding=\"async\" width=\"1000\" height=\"489\" src=\"https:\/\/www.editorialjuventud.es\/wp-content\/uploads\/TotCAT.jpg\" alt=\"\" class=\"wp-image-62035\" srcset=\"https:\/\/www.editorialjuventud.es\/wp-content\/uploads\/TotCAT.jpg 1000w, https:\/\/www.editorialjuventud.es\/wp-content\/uploads\/TotCAT-768x376.jpg 768w, https:\/\/www.editorialjuventud.es\/wp-content\/uploads\/TotCAT-350x171.jpg 350w, https:\/\/www.editorialjuventud.es\/wp-content\/uploads\/TotCAT-900x440.jpg 900w\" sizes=\"auto, (max-width: 1000px) 100vw, 1000px\" \/><\/figure>\n\n\n\n<div style=\"height:20px\" aria-hidden=\"true\" class=\"wp-block-spacer\"><\/div>\n\n\n\n<p>Els lectors adults ens hem acostumat a esperar que un text ens digui qu\u00e8 est\u00e0 succeint en el llibre. Per\u00f2 les imatges molts cops parlen per elles mateixes. A m\u00e9s, despr\u00e9s de la seva lectura, donen molt de joc per veure qu\u00e8 ha ent\u00e8s cada lector, i fer un intercanvi d\u2019impressions.<\/p>\n\n\n\n<p><strong>Per\u00f2 qu\u00e8 \u00e9s un \u00e0lbum sense paraules? La doctora en Ci\u00e8ncies de l\u2019Educaci\u00f3 Emma Bosch ho defineix aix\u00ed: \u201cL\u2019\u00e0lbum \u00e9s una modalitat del llibre que fa servir primordialment els signes visuals (no alfab\u00e8tics) per transmetre missatges. Hi ha \u00e0lbums que no contenen paraules i que, per tant, comuniquen exclusivament a trav\u00e9s de les imatges\u201d. Aix\u00f2 requereix que cada lector o la comunitat lectora faci un esfor\u00e7 de descodificar les imatges i que doni un sentit literari<\/strong>. \u00c9s per aix\u00f2, que com diu la Dra. Emma Bosch, un \u00e0lbum sense paraules requereix, al menys, dues lectures actives, que impliquen anar davant i endarrere, elaborar hip\u00f2tesis sobre qu\u00e8 passar\u00e0, qu\u00e8 vol comunicar el llibre, i rellegir-lo per comprovar que les preguntes que ens hem fet durant la lectura es responen d\u2019una manera afirmativa o negativa.<\/p>\n\n\n\n<p><strong>Un llibre sense paraules ens omple d\u2019imatges i despr\u00e9s ens convida a verbalitzar el contingut del que hem llegit en elles. Llibres silenciosos que generen debats rics i moltes tert\u00falies, comentaris, visions i revisions. \u00c9s per aix\u00f2 que us convidem a llegir (un m\u00ednim de dues vegades) aquest llibre, i despr\u00e9s parlar, comentar, dialogar i argumentar, i aix\u00ed crear una comunitat lectora<\/strong>. <\/p>\n\n\n\n<p>Tenim la sort de comptar amb aquests quatre \u00e0lbums incre\u00efbles que ens demostren el gran plaer de la lectura sense paraules. Comencem amb dos d\u2019ells, <em><a href=\"https:\/\/www.editorialjuventud.es\/ca\/capital-9788426142337\/\"><strong>Capital<\/strong><\/a> <\/em>i<em> <a href=\"https:\/\/www.editorialjuventud.es\/ca\/swing-9788426142344\/\"><strong>Swing<\/strong><\/a><\/em><a href=\"https:\/\/www.editorialjuventud.es\/ca\/swing-9788426142344\/\"><strong>.<\/strong><\/a><strong> <\/strong><\/p>\n\n\n\n<p>La idea d\u2019aquests dos llibres neix d\u2019un repte en qu\u00e8 l\u2019il\u00b7lustrador seleccionat ha d\u2019explicar una hist\u00f2ria, seguint nom\u00e9s dues regles: fer servir una sola paraula (la del t\u00edtol) i que el format de l\u2019\u00e0lbum sigui de 40 p\u00e0gines. Quan el repte s\u2019assoleix, el llibre aconsegueix canviar els h\u00e0bits del lector, apel\u00b7lant a una manera diferent de \u201cllegir\u201d \u2013diferent a les paraules escrites\u2013. <strong>La narraci\u00f3 de la hist\u00f2ria rau en el poder de les il\u00b7lustracions, i en l\u2019elecci\u00f3 d\u2019aquesta \u00faltima paraula, el t\u00edtol. <\/strong>Cada il\u00b7lustrador fa servir els seus propis registres per explicar la seva hist\u00f2ria, emocionar i fins i tot molestar al lector d\u2019una manera tan meravellosa i enginyosa que no pod\u00edem deixar de donar con\u00e8ixer als nostres lectors&#8230; <\/p>\n\n\n\n<div style=\"height:20px\" aria-hidden=\"true\" class=\"wp-block-spacer\"><\/div>\n\n\n\n<figure class=\"wp-block-image\"><img loading=\"lazy\" decoding=\"async\" width=\"1925\" height=\"1250\" src=\"https:\/\/www.editorialjuventud.es\/wp-content\/uploads\/Webp.net-gifmaker2.gif\" alt=\"\" class=\"wp-image-61980\"\/><figcaption>Imatges interiors de l\u2019\u00e0lbum <em>Capital<\/em><\/figcaption><\/figure>\n\n\n\n<div style=\"height:20px\" aria-hidden=\"true\" class=\"wp-block-spacer\"><\/div>\n\n\n\n<p>Sens dubte,<em> <a href=\"https:\/\/www.editorialjuventud.es\/ca\/capital-9788426142337\/\"><strong>Capital<\/strong><\/a><\/em><strong> <\/strong>\u00e9s un \u00e0lbum que trenca amb tots els motlles, i \u00e9s que explicar com funciona el sistema econ\u00f2mic actual, ser cr\u00edtic, per\u00f2 al mateix temps entretenir, no ho aconsegueixen tots els llibres.<\/p>\n\n\n\n<p>Aquest llibre d\u2019Afonso Cruz comen\u00e7a d\u2019una manera ben senzilla, un nen i la seva primera guardiola amb forma de porquet. Una guardiola de porquet que l\u2019acompanyar\u00e0 al llarg de la seva vida, sempre present, i anir\u00e0 transmutant-se a poc a poc en una cosa terrible: la representaci\u00f3 mateixa de la cobd\u00edcia. Voler m\u00e9s i m\u00e9s diners, sense l\u00edmit, passant per damunt de tot. <\/p>\n\n\n\n<p>A cada doble p\u00e0gina va evolucionant la narraci\u00f3: quan li entrega la guardiola, quan hi fica la primera moneda, el dia del seu casament&#8230; El porquet va augmentant de mida i acabar\u00e0 prenent vida pr\u00f2pia, totalment fora de control. Un llibre pensat per a totes les edats amb una visi\u00f3 senzilla i cr\u00edtica per a reflexionar en el sistema econ\u00f2mic imperant dels darrers 150 anys.<\/p>\n\n\n\n<p>Es tracta d\u2019un \u00e0lbum sense paraules, per\u00f2 no obstant aix\u00f2 ens desperta moltes preguntes:<\/p>\n\n\n\n<p>&#8211; Qu\u00e8 creus que ha passat a la hist\u00f2ria? Qu\u00e8 simbolitza el porquet?<\/p>\n\n\n\n<p>&#8211; Com creus que funciona el nostre sistema econ\u00f2mic?<\/p>\n\n\n\n<div style=\"height:20px\" aria-hidden=\"true\" class=\"wp-block-spacer\"><\/div>\n\n\n\n<figure class=\"wp-block-image\"><img loading=\"lazy\" decoding=\"async\" width=\"2728\" height=\"1773\" src=\"https:\/\/www.editorialjuventud.es\/wp-content\/uploads\/Webp.net-gifmaker5.gif\" alt=\"\" class=\"wp-image-61992\"\/><figcaption>Imatges interiors de l\u2019\u00e0lbum <em>Swing<\/em><\/figcaption><\/figure>\n\n\n\n<div style=\"height:20px\" aria-hidden=\"true\" class=\"wp-block-spacer\"><\/div>\n\n\n\n<p><em><a href=\"https:\/\/www.editorialjuventud.es\/ca\/swing-9788426142344\/\"><strong>Swing<\/strong><\/a><\/em>, de Jo\u00e3o Fazenda , \u00e9s un \u00e0lbum amb una s\u00f2lida identitat visual. L\u2019\u00e0lbum il\u00b7lustra que no sempre els peus poden seguir correctament el ritme de la m\u00fasica i deixar-se endur. Per\u00f2, si ens traiem les sabates, la cosa pot canviar.<\/p>\n\n\n\n<p>Fazenda mostra la frustraci\u00f3 del protagonista amb les l\u00ednies rectes i r\u00edgides que el conformen, i que es contraposa amb la dels personatges de l\u00ednies corbes i gr\u00e0cils moviments i colors.<\/p>\n\n\n\n<p> Tot i no tenir paraules, planteja molts interrogants! Aquests s\u00f3n alguns temes que podem tractar en la nostra tert\u00falia: <\/p>\n\n\n\n<p>&#8211; Qu\u00e8 creus que ens intenta explicar el llibre? Creus que les sabates poden simbolitzar alguna altra cosa?<\/p>\n\n\n\n<p>&#8211; L\u2019\u00fas del color no \u00e9s casual, cada paleta de colors ens indica detalls. Quins? Per qu\u00e8? I els plans tamb\u00e9. Mira b\u00e9 la part inferior i la superior. Qu\u00e8 ens diu? Qu\u00e8 amaga?<\/p>\n\n\n\n<p>&#8211; Swing ens ha tornat moltes imatges d\u2019altres llibres, pel\u00b7l\u00edcules, can\u00e7ons&#8230; I a tu, et recorda alguna cosa? Parlem d\u2019intertextualitat.<\/p>\n\n\n\n<div style=\"height:20px\" aria-hidden=\"true\" class=\"wp-block-spacer\"><\/div>\n\n\n\n<figure class=\"wp-block-image\"><img loading=\"lazy\" decoding=\"async\" width=\"1750\" height=\"1182\" src=\"https:\/\/www.editorialjuventud.es\/wp-content\/uploads\/Webp.net-gifmaker3.gif\" alt=\"\" class=\"wp-image-61983\"\/><figcaption>Imatges interiors de l\u2019\u00e0lbum <em>El globus groc<\/em><\/figcaption><\/figure>\n\n\n\n<div style=\"height:20px\" aria-hidden=\"true\" class=\"wp-block-spacer\"><\/div>\n\n\n\n<p>Amb un llibre sense paraules podem fins i tot fer la volta al m\u00f3n. Prova d\u2019aix\u00f2 \u00e9s <em><a href=\"https:\/\/www.editorialjuventud.es\/el-globus-groc-9788426138477\/\"><strong>El globus groc<\/strong><\/a><\/em>, de Charlotte Dematons. Anem fent un recorregut per diferents paisatges, una selva, una ciutat, un desert, unes muntanyes&#8230; per\u00f2 sempre est\u00e0 present t\u00edmidament el petit globus groc. A cada doble p\u00e0gina hi ha un munt de detalls, per perdre-s\u2019hi i descobrir, per\u00f2 sobretot per somiar despert, i deixar volar la imaginaci\u00f3 com un petit globus.<\/p>\n\n\n\n<div style=\"height:20px\" aria-hidden=\"true\" class=\"wp-block-spacer\"><\/div>\n\n\n\n<figure class=\"wp-block-image\"><img loading=\"lazy\" decoding=\"async\" width=\"2615\" height=\"1850\" src=\"https:\/\/www.editorialjuventud.es\/wp-content\/uploads\/Webp.net-gifmaker4.gif\" alt=\"\" class=\"wp-image-61985\"\/><figcaption>Imatges interiors de l\u2019\u00e0lbum <em>El \u00faltimo verano<\/em><\/figcaption><\/figure>\n\n\n\n<div style=\"height:20px\" aria-hidden=\"true\" class=\"wp-block-spacer\"><\/div>\n\n\n\n<p>I, una de les recents incorporacions al nostre cat\u00e0leg, <em><a href=\"https:\/\/www.editorialjuventud.es\/el-ultimo-verano-9788426147257\/\"><strong>El \u00faltimo verano<\/strong><\/a><\/em>, de la coreana Kim Jihyun. Una aut\u00e8ntica joia amb unes il\u00b7lustracions espectaculars. A trav\u00e9s de les seves p\u00e0gines acompanyem al nen en all\u00f2 que entenem que s\u00f3n uns dies de les seves vacances d\u2019estiu. Veiem la fugida de la rutina de la ciutat gris i la seva connexi\u00f3 amb la natura.<\/p>\n\n\n\n<p>Les seves il\u00b7lustracions s\u00f3n del tot po\u00e8tiques, i podem sentit totes les emocions del nen. El to blav\u00f3s dels dibuixos ens transmet tranquil\u00b7litat i calma, i crea una atmosfera immersiva. I tot aix\u00f2 sense paraules!<\/p>\n\n\n\n<p>La singularitat dels \u00e0lbums sense paraules \u00e9s que som nosaltres qui donem veu al llibre. Podem prendre les il\u00b7lustracions i aportar-ne el sentit que volem, sobre all\u00f2 que ens ompli i ressoni en nosaltres. Hi ha un munt de mons en les seves p\u00e0gines i t\u2019animem que entris a descobrir.<\/p>\n","protected":false},"excerpt":{"rendered":"Aquest mes volem parlar-vos al blog d\u2019un tema molt especial&#8230; entre d\u2019altres motius perqu\u00e8 heu sigut vosaltres qui l\u2019heu escollit a trav\u00e9s del nostre Instagram Stories: els \u00e0lbums sense paraules. Vivim en un m\u00f3n en qu\u00e8 el visual va guanyant [&hellip;]","protected":false},"author":50,"featured_media":61978,"comment_status":"open","ping_status":"open","sticky":false,"template":"","format":"standard","meta":{"_acf_changed":false,"_exactmetrics_skip_tracking":false,"_exactmetrics_sitenote_active":false,"_exactmetrics_sitenote_note":"","_exactmetrics_sitenote_category":0,"footnotes":""},"categories":[1254],"tags":[],"class_list":["post-62002","post","type-post","status-publish","format-standard","has-post-thumbnail","hentry","category-albums-illustrats"],"acf":{"libros_enlazados":[19562,6294,6246]},"yoast_head":"<!-- This site is optimized with the Yoast SEO plugin v27.3 - https:\/\/yoast.com\/product\/yoast-seo-wordpress\/ -->\n<title>A poderosa il\u00b7lustraci\u00f3, poques paraules calen - Editorial Juventud<\/title>\n<meta name=\"description\" content=\"Aquest mes volem parlar-vos al blog d\u2019un tema molt especial... entre d\u2019altres motius perqu\u00e8 heu sigut vosaltres qui l\u2019heu escollit a trav\u00e9s del nostre\" \/>\n<meta name=\"robots\" content=\"index, follow, max-snippet:-1, max-image-preview:large, max-video-preview:-1\" \/>\n<link rel=\"canonical\" href=\"https:\/\/www.editorialjuventud.es\/ca\/a-poderosa-ilustracion-pocas-palabras\/\" \/>\n<meta property=\"og:locale\" content=\"ca_ES\" \/>\n<meta property=\"og:type\" content=\"article\" \/>\n<meta property=\"og:title\" content=\"A poderosa il\u00b7lustraci\u00f3, poques paraules calen - Editorial Juventud\" \/>\n<meta property=\"og:description\" content=\"Aquest mes volem parlar-vos al blog d\u2019un tema molt especial... entre d\u2019altres motius perqu\u00e8 heu sigut vosaltres qui l\u2019heu escollit a trav\u00e9s del nostre\" \/>\n<meta property=\"og:url\" content=\"https:\/\/www.editorialjuventud.es\/ca\/a-poderosa-ilustracion-pocas-palabras\/\" \/>\n<meta property=\"og:site_name\" content=\"Editorial Juventud\" \/>\n<meta property=\"article:published_time\" content=\"2022-01-19T18:07:16+00:00\" \/>\n<meta property=\"article:modified_time\" content=\"2022-01-20T12:44:46+00:00\" \/>\n<meta property=\"og:image\" content=\"https:\/\/www.editorialjuventud.es\/wp-content\/uploads\/Portadadestacada.jpg\" \/>\n\t<meta property=\"og:image:width\" content=\"900\" \/>\n\t<meta property=\"og:image:height\" content=\"601\" \/>\n\t<meta property=\"og:image:type\" content=\"image\/jpeg\" \/>\n<meta name=\"author\" content=\"Laie Pradas\" \/>\n<meta name=\"twitter:card\" content=\"summary_large_image\" \/>\n<meta name=\"twitter:label1\" content=\"Escrit per\" \/>\n\t<meta name=\"twitter:data1\" content=\"Laie Pradas\" \/>\n\t<meta name=\"twitter:label2\" content=\"Temps estimat de lectura\" \/>\n\t<meta name=\"twitter:data2\" content=\"6 minuts\" \/>\n<script type=\"application\/ld+json\" class=\"yoast-schema-graph\">{\"@context\":\"https:\\\/\\\/schema.org\",\"@graph\":[{\"@type\":\"Article\",\"@id\":\"https:\\\/\\\/www.editorialjuventud.es\\\/ca\\\/a-poderosa-ilustracion-pocas-palabras\\\/#article\",\"isPartOf\":{\"@id\":\"https:\\\/\\\/www.editorialjuventud.es\\\/ca\\\/a-poderosa-ilustracion-pocas-palabras\\\/\"},\"author\":{\"name\":\"Laie Pradas\",\"@id\":\"https:\\\/\\\/www.editorialjuventud.es\\\/#\\\/schema\\\/person\\\/97152caedc414c09143f09618b59ce68\"},\"headline\":\"A poderosa il\u00b7lustraci\u00f3, poques paraules calen\",\"datePublished\":\"2022-01-19T18:07:16+00:00\",\"dateModified\":\"2022-01-20T12:44:46+00:00\",\"mainEntityOfPage\":{\"@id\":\"https:\\\/\\\/www.editorialjuventud.es\\\/ca\\\/a-poderosa-ilustracion-pocas-palabras\\\/\"},\"wordCount\":1202,\"commentCount\":0,\"image\":{\"@id\":\"https:\\\/\\\/www.editorialjuventud.es\\\/ca\\\/a-poderosa-ilustracion-pocas-palabras\\\/#primaryimage\"},\"thumbnailUrl\":\"https:\\\/\\\/www.editorialjuventud.es\\\/wp-content\\\/uploads\\\/Portadadestacada.jpg\",\"articleSection\":[\"\u00c0lbums Il\u00b7lustrats\"],\"inLanguage\":\"ca\",\"potentialAction\":[{\"@type\":\"CommentAction\",\"name\":\"Comment\",\"target\":[\"https:\\\/\\\/www.editorialjuventud.es\\\/ca\\\/a-poderosa-ilustracion-pocas-palabras\\\/#respond\"]}]},{\"@type\":\"WebPage\",\"@id\":\"https:\\\/\\\/www.editorialjuventud.es\\\/ca\\\/a-poderosa-ilustracion-pocas-palabras\\\/\",\"url\":\"https:\\\/\\\/www.editorialjuventud.es\\\/ca\\\/a-poderosa-ilustracion-pocas-palabras\\\/\",\"name\":\"A poderosa il\u00b7lustraci\u00f3, poques paraules calen - Editorial Juventud\",\"isPartOf\":{\"@id\":\"https:\\\/\\\/www.editorialjuventud.es\\\/#website\"},\"primaryImageOfPage\":{\"@id\":\"https:\\\/\\\/www.editorialjuventud.es\\\/ca\\\/a-poderosa-ilustracion-pocas-palabras\\\/#primaryimage\"},\"image\":{\"@id\":\"https:\\\/\\\/www.editorialjuventud.es\\\/ca\\\/a-poderosa-ilustracion-pocas-palabras\\\/#primaryimage\"},\"thumbnailUrl\":\"https:\\\/\\\/www.editorialjuventud.es\\\/wp-content\\\/uploads\\\/Portadadestacada.jpg\",\"datePublished\":\"2022-01-19T18:07:16+00:00\",\"dateModified\":\"2022-01-20T12:44:46+00:00\",\"author\":{\"@id\":\"https:\\\/\\\/www.editorialjuventud.es\\\/#\\\/schema\\\/person\\\/97152caedc414c09143f09618b59ce68\"},\"description\":\"Aquest mes volem parlar-vos al blog d\u2019un tema molt especial... entre d\u2019altres motius perqu\u00e8 heu sigut vosaltres qui l\u2019heu escollit a trav\u00e9s del nostre\",\"breadcrumb\":{\"@id\":\"https:\\\/\\\/www.editorialjuventud.es\\\/ca\\\/a-poderosa-ilustracion-pocas-palabras\\\/#breadcrumb\"},\"inLanguage\":\"ca\",\"potentialAction\":[{\"@type\":\"ReadAction\",\"target\":[\"https:\\\/\\\/www.editorialjuventud.es\\\/ca\\\/a-poderosa-ilustracion-pocas-palabras\\\/\"]}]},{\"@type\":\"ImageObject\",\"inLanguage\":\"ca\",\"@id\":\"https:\\\/\\\/www.editorialjuventud.es\\\/ca\\\/a-poderosa-ilustracion-pocas-palabras\\\/#primaryimage\",\"url\":\"https:\\\/\\\/www.editorialjuventud.es\\\/wp-content\\\/uploads\\\/Portadadestacada.jpg\",\"contentUrl\":\"https:\\\/\\\/www.editorialjuventud.es\\\/wp-content\\\/uploads\\\/Portadadestacada.jpg\",\"width\":900,\"height\":601},{\"@type\":\"BreadcrumbList\",\"@id\":\"https:\\\/\\\/www.editorialjuventud.es\\\/ca\\\/a-poderosa-ilustracion-pocas-palabras\\\/#breadcrumb\",\"itemListElement\":[{\"@type\":\"ListItem\",\"position\":1,\"name\":\"Portada\",\"item\":\"https:\\\/\\\/www.editorialjuventud.es\\\/\"},{\"@type\":\"ListItem\",\"position\":2,\"name\":\"\u00c0lbums Il\u00b7lustrats\",\"item\":\"https:\\\/\\\/www.editorialjuventud.es\\\/ca\\\/albums-il%c2%b7lustrats\\\/\"},{\"@type\":\"ListItem\",\"position\":3,\"name\":\"A poderosa il\u00b7lustraci\u00f3, poques paraules calen\"}]},{\"@type\":\"WebSite\",\"@id\":\"https:\\\/\\\/www.editorialjuventud.es\\\/#website\",\"url\":\"https:\\\/\\\/www.editorialjuventud.es\\\/\",\"name\":\"Editorial Juventud\",\"description\":\"\",\"potentialAction\":[{\"@type\":\"SearchAction\",\"target\":{\"@type\":\"EntryPoint\",\"urlTemplate\":\"https:\\\/\\\/www.editorialjuventud.es\\\/?s={search_term_string}\"},\"query-input\":{\"@type\":\"PropertyValueSpecification\",\"valueRequired\":true,\"valueName\":\"search_term_string\"}}],\"inLanguage\":\"ca\"},{\"@type\":\"Person\",\"@id\":\"https:\\\/\\\/www.editorialjuventud.es\\\/#\\\/schema\\\/person\\\/97152caedc414c09143f09618b59ce68\",\"name\":\"Laie Pradas\",\"image\":{\"@type\":\"ImageObject\",\"inLanguage\":\"ca\",\"@id\":\"https:\\\/\\\/secure.gravatar.com\\\/avatar\\\/2702aef70815ccc9ca61ea5a3a8dbda5b91b509d670fa66f04bd502c697d6a67?s=96&d=mm&r=g\",\"url\":\"https:\\\/\\\/secure.gravatar.com\\\/avatar\\\/2702aef70815ccc9ca61ea5a3a8dbda5b91b509d670fa66f04bd502c697d6a67?s=96&d=mm&r=g\",\"contentUrl\":\"https:\\\/\\\/secure.gravatar.com\\\/avatar\\\/2702aef70815ccc9ca61ea5a3a8dbda5b91b509d670fa66f04bd502c697d6a67?s=96&d=mm&r=g\",\"caption\":\"Laie Pradas\"}}]}<\/script>\n<!-- \/ Yoast SEO plugin. -->","yoast_head_json":{"title":"A poderosa il\u00b7lustraci\u00f3, poques paraules calen - Editorial Juventud","description":"Aquest mes volem parlar-vos al blog d\u2019un tema molt especial... entre d\u2019altres motius perqu\u00e8 heu sigut vosaltres qui l\u2019heu escollit a trav\u00e9s del nostre","robots":{"index":"index","follow":"follow","max-snippet":"max-snippet:-1","max-image-preview":"max-image-preview:large","max-video-preview":"max-video-preview:-1"},"canonical":"https:\/\/www.editorialjuventud.es\/ca\/a-poderosa-ilustracion-pocas-palabras\/","og_locale":"ca_ES","og_type":"article","og_title":"A poderosa il\u00b7lustraci\u00f3, poques paraules calen - Editorial Juventud","og_description":"Aquest mes volem parlar-vos al blog d\u2019un tema molt especial... entre d\u2019altres motius perqu\u00e8 heu sigut vosaltres qui l\u2019heu escollit a trav\u00e9s del nostre","og_url":"https:\/\/www.editorialjuventud.es\/ca\/a-poderosa-ilustracion-pocas-palabras\/","og_site_name":"Editorial Juventud","article_published_time":"2022-01-19T18:07:16+00:00","article_modified_time":"2022-01-20T12:44:46+00:00","og_image":[{"width":900,"height":601,"url":"https:\/\/www.editorialjuventud.es\/wp-content\/uploads\/Portadadestacada.jpg","type":"image\/jpeg"}],"author":"Laie Pradas","twitter_card":"summary_large_image","twitter_misc":{"Escrit per":"Laie Pradas","Temps estimat de lectura":"6 minuts"},"schema":{"@context":"https:\/\/schema.org","@graph":[{"@type":"Article","@id":"https:\/\/www.editorialjuventud.es\/ca\/a-poderosa-ilustracion-pocas-palabras\/#article","isPartOf":{"@id":"https:\/\/www.editorialjuventud.es\/ca\/a-poderosa-ilustracion-pocas-palabras\/"},"author":{"name":"Laie Pradas","@id":"https:\/\/www.editorialjuventud.es\/#\/schema\/person\/97152caedc414c09143f09618b59ce68"},"headline":"A poderosa il\u00b7lustraci\u00f3, poques paraules calen","datePublished":"2022-01-19T18:07:16+00:00","dateModified":"2022-01-20T12:44:46+00:00","mainEntityOfPage":{"@id":"https:\/\/www.editorialjuventud.es\/ca\/a-poderosa-ilustracion-pocas-palabras\/"},"wordCount":1202,"commentCount":0,"image":{"@id":"https:\/\/www.editorialjuventud.es\/ca\/a-poderosa-ilustracion-pocas-palabras\/#primaryimage"},"thumbnailUrl":"https:\/\/www.editorialjuventud.es\/wp-content\/uploads\/Portadadestacada.jpg","articleSection":["\u00c0lbums Il\u00b7lustrats"],"inLanguage":"ca","potentialAction":[{"@type":"CommentAction","name":"Comment","target":["https:\/\/www.editorialjuventud.es\/ca\/a-poderosa-ilustracion-pocas-palabras\/#respond"]}]},{"@type":"WebPage","@id":"https:\/\/www.editorialjuventud.es\/ca\/a-poderosa-ilustracion-pocas-palabras\/","url":"https:\/\/www.editorialjuventud.es\/ca\/a-poderosa-ilustracion-pocas-palabras\/","name":"A poderosa il\u00b7lustraci\u00f3, poques paraules calen - Editorial Juventud","isPartOf":{"@id":"https:\/\/www.editorialjuventud.es\/#website"},"primaryImageOfPage":{"@id":"https:\/\/www.editorialjuventud.es\/ca\/a-poderosa-ilustracion-pocas-palabras\/#primaryimage"},"image":{"@id":"https:\/\/www.editorialjuventud.es\/ca\/a-poderosa-ilustracion-pocas-palabras\/#primaryimage"},"thumbnailUrl":"https:\/\/www.editorialjuventud.es\/wp-content\/uploads\/Portadadestacada.jpg","datePublished":"2022-01-19T18:07:16+00:00","dateModified":"2022-01-20T12:44:46+00:00","author":{"@id":"https:\/\/www.editorialjuventud.es\/#\/schema\/person\/97152caedc414c09143f09618b59ce68"},"description":"Aquest mes volem parlar-vos al blog d\u2019un tema molt especial... entre d\u2019altres motius perqu\u00e8 heu sigut vosaltres qui l\u2019heu escollit a trav\u00e9s del nostre","breadcrumb":{"@id":"https:\/\/www.editorialjuventud.es\/ca\/a-poderosa-ilustracion-pocas-palabras\/#breadcrumb"},"inLanguage":"ca","potentialAction":[{"@type":"ReadAction","target":["https:\/\/www.editorialjuventud.es\/ca\/a-poderosa-ilustracion-pocas-palabras\/"]}]},{"@type":"ImageObject","inLanguage":"ca","@id":"https:\/\/www.editorialjuventud.es\/ca\/a-poderosa-ilustracion-pocas-palabras\/#primaryimage","url":"https:\/\/www.editorialjuventud.es\/wp-content\/uploads\/Portadadestacada.jpg","contentUrl":"https:\/\/www.editorialjuventud.es\/wp-content\/uploads\/Portadadestacada.jpg","width":900,"height":601},{"@type":"BreadcrumbList","@id":"https:\/\/www.editorialjuventud.es\/ca\/a-poderosa-ilustracion-pocas-palabras\/#breadcrumb","itemListElement":[{"@type":"ListItem","position":1,"name":"Portada","item":"https:\/\/www.editorialjuventud.es\/"},{"@type":"ListItem","position":2,"name":"\u00c0lbums Il\u00b7lustrats","item":"https:\/\/www.editorialjuventud.es\/ca\/albums-il%c2%b7lustrats\/"},{"@type":"ListItem","position":3,"name":"A poderosa il\u00b7lustraci\u00f3, poques paraules calen"}]},{"@type":"WebSite","@id":"https:\/\/www.editorialjuventud.es\/#website","url":"https:\/\/www.editorialjuventud.es\/","name":"Editorial Juventud","description":"","potentialAction":[{"@type":"SearchAction","target":{"@type":"EntryPoint","urlTemplate":"https:\/\/www.editorialjuventud.es\/?s={search_term_string}"},"query-input":{"@type":"PropertyValueSpecification","valueRequired":true,"valueName":"search_term_string"}}],"inLanguage":"ca"},{"@type":"Person","@id":"https:\/\/www.editorialjuventud.es\/#\/schema\/person\/97152caedc414c09143f09618b59ce68","name":"Laie Pradas","image":{"@type":"ImageObject","inLanguage":"ca","@id":"https:\/\/secure.gravatar.com\/avatar\/2702aef70815ccc9ca61ea5a3a8dbda5b91b509d670fa66f04bd502c697d6a67?s=96&d=mm&r=g","url":"https:\/\/secure.gravatar.com\/avatar\/2702aef70815ccc9ca61ea5a3a8dbda5b91b509d670fa66f04bd502c697d6a67?s=96&d=mm&r=g","contentUrl":"https:\/\/secure.gravatar.com\/avatar\/2702aef70815ccc9ca61ea5a3a8dbda5b91b509d670fa66f04bd502c697d6a67?s=96&d=mm&r=g","caption":"Laie Pradas"}}]}},"_links":{"self":[{"href":"https:\/\/www.editorialjuventud.es\/ca\/wp-json\/wp\/v2\/posts\/62002","targetHints":{"allow":["GET"]}}],"collection":[{"href":"https:\/\/www.editorialjuventud.es\/ca\/wp-json\/wp\/v2\/posts"}],"about":[{"href":"https:\/\/www.editorialjuventud.es\/ca\/wp-json\/wp\/v2\/types\/post"}],"author":[{"embeddable":true,"href":"https:\/\/www.editorialjuventud.es\/ca\/wp-json\/wp\/v2\/users\/50"}],"replies":[{"embeddable":true,"href":"https:\/\/www.editorialjuventud.es\/ca\/wp-json\/wp\/v2\/comments?post=62002"}],"version-history":[{"count":7,"href":"https:\/\/www.editorialjuventud.es\/ca\/wp-json\/wp\/v2\/posts\/62002\/revisions"}],"predecessor-version":[{"id":62050,"href":"https:\/\/www.editorialjuventud.es\/ca\/wp-json\/wp\/v2\/posts\/62002\/revisions\/62050"}],"wp:featuredmedia":[{"embeddable":true,"href":"https:\/\/www.editorialjuventud.es\/ca\/wp-json\/wp\/v2\/media\/61978"}],"wp:attachment":[{"href":"https:\/\/www.editorialjuventud.es\/ca\/wp-json\/wp\/v2\/media?parent=62002"}],"wp:term":[{"taxonomy":"category","embeddable":true,"href":"https:\/\/www.editorialjuventud.es\/ca\/wp-json\/wp\/v2\/categories?post=62002"},{"taxonomy":"post_tag","embeddable":true,"href":"https:\/\/www.editorialjuventud.es\/ca\/wp-json\/wp\/v2\/tags?post=62002"}],"curies":[{"name":"wp","href":"https:\/\/api.w.org\/{rel}","templated":true}]}}