{"id":52433,"date":"2021-04-15T11:49:51","date_gmt":"2021-04-15T09:49:51","guid":{"rendered":"https:\/\/www.editorialjuventud.es\/?p=52433"},"modified":"2021-04-15T13:37:14","modified_gmt":"2021-04-15T11:37:14","slug":"el-princep-felic-i-el-seu-felic-illustrador","status":"publish","type":"post","link":"https:\/\/www.editorialjuventud.es\/ca\/el-princep-felic-i-el-seu-felic-illustrador\/","title":{"rendered":"El Pr\u00edncep Feli\u00e7 i el seu (feli\u00e7) il\u00b7lustrador"},"content":{"rendered":"\n<p>Si hi ha una cosa que ens agrada per damunt de tot, \u00e9s mantenir vius tots els llibres del nostre cat\u00e0leg. Cadascun \u00e9s una aposta per una obra de qualitat, que no respon a modes transit\u00f2ries, pel que volem que estigui a l\u2019abast dels lectors el m\u00e0xim de temps possible. Per aix\u00f2 mateix, hi ha alguns cl\u00e0ssics de la literatura que ens criden com un cant de sirena per entrar a formar part del cat\u00e0leg. I amb l\u2019<a href=\"https:\/\/www.editorialjuventud.es\/ca\/autores\/wilde-osar\/\"><strong>Oscar Wilde<\/strong><\/a> no ens hem pogut resistir. <\/p>\n\n\n\n<div style=\"height:20px\" aria-hidden=\"true\" class=\"wp-block-spacer\"><\/div>\n\n\n\n<p>Un dels seus llibres m\u00e9s celebrats, i pel qual nosaltres tenim debilitat, \u00e9s <em><a href=\"https:\/\/www.editorialjuventud.es\/ca\/el-princep-felic-i-altres-contes-9788426146199\/\"><strong>El pr\u00edncep feli\u00e7<\/strong><\/a><\/em>. Ja sigui a trav\u00e9s de la seva lectura, o en una de les seves moltes versions teatrals o cinematogr\u00e0fiques de l\u2019obra, tots ens imaginem l\u2019est\u00e0tua recoberta de l\u00e0mines d\u2019or fi i els seus brillants ulls de safir. Forma part de l\u2019imaginari col\u00b7lectiu.<\/p>\n\n\n\n<div style=\"height:20px\" aria-hidden=\"true\" class=\"wp-block-spacer\"><\/div>\n\n\n\n<figure class=\"wp-block-image\"><img loading=\"lazy\" decoding=\"async\" width=\"4613\" height=\"3071\" src=\"https:\/\/www.editorialjuventud.es\/wp-content\/uploads\/blog-i-news_princep4-1.jpg\" alt=\"\" class=\"wp-image-52434\" srcset=\"https:\/\/www.editorialjuventud.es\/wp-content\/uploads\/blog-i-news_princep4-1.jpg 4613w, https:\/\/www.editorialjuventud.es\/wp-content\/uploads\/blog-i-news_princep4-1-768x511.jpg 768w, https:\/\/www.editorialjuventud.es\/wp-content\/uploads\/blog-i-news_princep4-1-350x233.jpg 350w, https:\/\/www.editorialjuventud.es\/wp-content\/uploads\/blog-i-news_princep4-1-900x599.jpg 900w\" sizes=\"auto, (max-width: 4613px) 100vw, 4613px\" \/><\/figure>\n\n\n\n<div style=\"height:20px\" aria-hidden=\"true\" class=\"wp-block-spacer\"><\/div>\n\n\n\n<p>Per a <a href=\"https:\/\/www.editorialjuventud.es\/ca\/el-princep-felic-i-altres-contes-9788426146199\/\"><strong>aquesta antologia<\/strong><\/a> vam voler aplegar el conte d\u2019<em>El pr\u00edncep feli\u00e7 <\/em>amb <em>El rossinyol i la rosa <\/em>i<em> El gegant egoista<\/em>, pels seus nombrosos punts de connexi\u00f3. Tots tres tracten els temes que m\u00e9s preocupaven a l\u2019autor: l\u2019egoisme, la desigualtat i el patiment, i mostren com poden corregir-se amb l\u2019amor, la compassi\u00f3 i la generositat. Ens ho vam plantejar com un gran repte!<\/p>\n\n\n\n<div style=\"height:20px\" aria-hidden=\"true\" class=\"wp-block-spacer\"><\/div>\n\n\n\n<p>I per a dur a terme aquest repte, publicar una nova versi\u00f3 d\u2019aquest cl\u00e0ssic, vam comptar amb el traductor Jordi Mart\u00edn Lloret, i que l\u2019<a href=\"https:\/\/www.editorialjuventud.es\/ca\/autores\/asensio-albert\/\"><strong>Albert Asensio<\/strong><\/a> deix\u00e9s als lectors (i a nosaltres!) bocabadats amb les seves il\u00b7lustracions. <\/p>\n\n\n\n<div style=\"height:20px\" aria-hidden=\"true\" class=\"wp-block-spacer\"><\/div>\n\n\n\n<figure class=\"wp-block-image\"><img loading=\"lazy\" decoding=\"async\" width=\"4613\" height=\"3071\" src=\"https:\/\/www.editorialjuventud.es\/wp-content\/uploads\/blog-i-news_princep2-1.jpg\" alt=\"\" class=\"wp-image-52439\" srcset=\"https:\/\/www.editorialjuventud.es\/wp-content\/uploads\/blog-i-news_princep2-1.jpg 4613w, https:\/\/www.editorialjuventud.es\/wp-content\/uploads\/blog-i-news_princep2-1-768x511.jpg 768w, https:\/\/www.editorialjuventud.es\/wp-content\/uploads\/blog-i-news_princep2-1-350x233.jpg 350w, https:\/\/www.editorialjuventud.es\/wp-content\/uploads\/blog-i-news_princep2-1-900x599.jpg 900w\" sizes=\"auto, (max-width: 4613px) 100vw, 4613px\" \/><\/figure>\n\n\n\n<div style=\"height:20px\" aria-hidden=\"true\" class=\"wp-block-spacer\"><\/div>\n\n\n\n<p>Aquest no \u00e9s el primer cop que comptem amb l\u2019Albert per a un projecte. Ell \u00e9s l\u2019autor de les s\u00e8ries <a href=\"https:\/\/www.editorialjuventud.es\/ca\/titols\/?fwp_colecciones=catala%2Ccatala%2Cels-meus-primers-llibres%2Con-viuen-els-animals\"><strong>On viuen els Animals?<\/strong><\/a> i <strong><a href=\"https:\/\/www.editorialjuventud.es\/titulos\/?fwp_colecciones=castellano%2Ccatala%2Cels-meus-primers-llibres%2Cles-estacions\">Les Estacions<\/a><\/strong>, a banda de ser el responsable que la nostra nova coberta d\u2019<em><a href=\"https:\/\/www.editorialjuventud.es\/ca\/emilio-y-los-detectives-9788426145321\/\"><strong>Emilio y los detectives<\/strong><\/a> <\/em>sigui tan bonica. No hem pogut resistir-nos a fer-li una petita entrevista en relaci\u00f3 amb <em><a href=\"https:\/\/www.editorialjuventud.es\/ca\/el-princep-felic-i-altres-contes-9788426146199\/\"><strong>El Pr\u00edncep Feli\u00e7 i altres contes<\/strong><\/a><\/em> perqu\u00e8 el pugueu con\u00e8ixer millor: <\/p>\n\n\n\n<div style=\"height:20px\" aria-hidden=\"true\" class=\"wp-block-spacer\"><\/div>\n\n\n\n<p><strong>Quina relaci\u00f3 tens amb aquest cl\u00e0ssic?<\/strong><\/p>\n\n\n\n<p>\u00c9s un dels primers\nrecords que tinc d&#8217;estar llegint, de ben petit, en un rac\u00f3 de les golfes de\ncasa els avis&#8230;, aquest recull de contes. Crec que s\u00f3n de les primeres\nlectures que vaig comen\u00e7ar a llegir tot sol.<\/p>\n\n\n\n<div style=\"height:20px\" aria-hidden=\"true\" class=\"wp-block-spacer\"><\/div>\n\n\n\n<p><strong>Quin paper juga el color en el llibre?<\/strong><\/p>\n\n\n\n<p>He volgut treballar amb un color predominant a cada conte que contrast\u00e9s amb les tonalitats grises del treball fet a llapis. Cada color dona una simbologia i unes connotacions particulars a cada relat i alhora juga tamb\u00e9 amb la funcionalitat dels elements que apareixen en els contes: el blau dels ulls de safir del pr\u00edncep; el vermell de la rosa que cerca el rossinyol i el verd del jard\u00ed del gegant.<\/p>\n\n\n\n<div style=\"height:20px\" aria-hidden=\"true\" class=\"wp-block-spacer\"><\/div>\n\n\n\n<figure class=\"wp-block-image\"><img loading=\"lazy\" decoding=\"async\" width=\"4613\" height=\"3071\" src=\"https:\/\/www.editorialjuventud.es\/wp-content\/uploads\/colors_blog_cat.gif\" alt=\"\" class=\"wp-image-52442\"\/><\/figure>\n\n\n\n<div style=\"height:20px\" aria-hidden=\"true\" class=\"wp-block-spacer\"><\/div>\n\n\n\n<p><strong>Algun dels tres contes ha suposat un repte per a tu?<\/strong><\/p>\n\n\n\n<p>Tenia molt present les imatges per recrear el conte d\u2019El pr\u00edncep i el d\u2019El gegant. Potser les que vaig haver de treballar m\u00e9s varen ser les del conte d\u2019El rossinyol; el recordava de petit com un conte injust, trist sobretot pel final amb l&#8217;ocell. Vaig haver de fer una segona lectura des de la mirada ja adulta, per trobar-li la perspectiva m\u00e9s po\u00e8tica.<\/p>\n\n\n\n<div style=\"height:20px\" aria-hidden=\"true\" class=\"wp-block-spacer\"><\/div>\n\n\n\n<p><strong>En el llibre hi ha escenes i descripcions molt potents.\nCom decideixes quina il\u00b7lustrar?<\/strong><\/p>\n\n\n\n<p>Normalment miro que la distribuci\u00f3 de les p\u00e0gines funcioni b\u00e9 abans de decidir una imatge o una altra. Ara b\u00e9, en cada relat sempre apareixen escenes que et motiven a la primera, com per exemple l&#8217;escena quan l&#8217;oreneta s&#8217;adona que l&#8217;est\u00e0tua del pr\u00edncep est\u00e0 plorant.<\/p>\n\n\n\n<div style=\"height:20px\" aria-hidden=\"true\" class=\"wp-block-spacer\"><\/div>\n\n\n\n<figure class=\"wp-block-video\"><video height=\"406\" style=\"aspect-ratio: 720 \/ 406;\" width=\"720\" controls src=\"https:\/\/www.editorialjuventud.es\/wp-content\/uploads\/IMG_3188.mp4\"><\/video><\/figure>\n\n\n\n<div style=\"height:20px\" aria-hidden=\"true\" class=\"wp-block-spacer\"><\/div>\n\n\n\n<p><strong>Quins projectes tens actualment en marxa?<\/strong><\/p>\n\n\n\n<p>Estic acabant d\u2019il\u00b7lustrar\nel disseny d\u2019un cd de m\u00fasica del grup catal\u00e0 Temps al Temps. Tot seguit em posar\u00e9\namb un llibre il\u00b7lustrat que editar\u00e0 l&#8217;editorial Joventut amb un text de\nRicardo Alc\u00e1ntara que em fa molta il\u00b7lusi\u00f3 treballar. Ja cap a l&#8217;estiu\ntreballar\u00e9 amb un conte per a l&#8217;arxiu municipal de Tarragona i si tot va b\u00e9 un\nprojecte meu personal de llibre il\u00b7lustrat.<\/p>\n\n\n\n<div style=\"height:20px\" aria-hidden=\"true\" class=\"wp-block-spacer\"><\/div>\n\n\n\n<p>Treballar amb l\u2019Albert \u00e9s fant\u00e0stic&#8230; Sempre supera les nostres expectatives! I per celebrar el dia tan especial que s\u2019apropa, i tota la m\u00e0gia que despr\u00e8n <a href=\"https:\/\/www.editorialjuventud.es\/ca\/el-princep-felic-i-altres-contes-9788426146199\/\"><strong>aquest llibre<\/strong><\/a>, regalem aquesta l\u00e0mina per penjar amb la compra d\u2019un exemplar d&#8217;<strong><em><a href=\"https:\/\/www.editorialjuventud.es\/ca\/el-princep-felic-i-altres-contes-9788426146199\/\">El pr\u00edncep feli\u00e7 i altres contes<\/a><\/em><\/strong>! La trobar\u00e0s a la teva llibreria de confian\u00e7a!<\/p>\n\n\n\n<div style=\"height:20px\" aria-hidden=\"true\" class=\"wp-block-spacer\"><\/div>\n\n\n\n<figure class=\"wp-block-image\"><img loading=\"lazy\" decoding=\"async\" width=\"4613\" height=\"3071\" src=\"https:\/\/www.editorialjuventud.es\/wp-content\/uploads\/blog-i-news_princep15.jpg\" alt=\"\" class=\"wp-image-52444\" srcset=\"https:\/\/www.editorialjuventud.es\/wp-content\/uploads\/blog-i-news_princep15.jpg 4613w, https:\/\/www.editorialjuventud.es\/wp-content\/uploads\/blog-i-news_princep15-768x511.jpg 768w, https:\/\/www.editorialjuventud.es\/wp-content\/uploads\/blog-i-news_princep15-350x233.jpg 350w, https:\/\/www.editorialjuventud.es\/wp-content\/uploads\/blog-i-news_princep15-900x599.jpg 900w\" sizes=\"auto, (max-width: 4613px) 100vw, 4613px\" \/><figcaption>Fotografia de la llibreria Lectors al tren<\/figcaption><\/figure>\n\n\n\n<div style=\"height:20px\" aria-hidden=\"true\" class=\"wp-block-spacer\"><\/div>\n\n\n\n<p>Si encara no has llegit aquest cl\u00e0ssic desbordant de m\u00e0gia i poesia, no t\u2019hi resisteixis m\u00e9s! <\/p>\n\n\n\n<p>Et desitgem que gaudeixis d\u2019un bon llibre aquest Sant Jordi  i cada dia de l\u2019any!<\/p>\n","protected":false},"excerpt":{"rendered":"Si hi ha una cosa que ens agrada per damunt de tot, \u00e9s mantenir vius tots els llibres del nostre cat\u00e0leg. Cadascun \u00e9s una aposta per una obra de qualitat, que no respon a modes transit\u00f2ries, pel que volem que [&hellip;]","protected":false},"author":47,"featured_media":52428,"comment_status":"open","ping_status":"open","sticky":false,"template":"","format":"standard","meta":{"_acf_changed":false,"_exactmetrics_skip_tracking":false,"_exactmetrics_sitenote_active":false,"_exactmetrics_sitenote_note":"","_exactmetrics_sitenote_category":0,"footnotes":""},"categories":[1253],"tags":[],"class_list":["post-52433","post","type-post","status-publish","format-standard","has-post-thumbnail","hentry","category-coneixent-els-autors"],"acf":{"libros_enlazados":[46326,5774,5768,5770,5772,6267,6269,6268,6270,18950]},"yoast_head":"<!-- This site is optimized with the Yoast SEO plugin v27.3 - https:\/\/yoast.com\/product\/yoast-seo-wordpress\/ -->\n<title>El Pr\u00edncep Feli\u00e7 i el seu (feli\u00e7) il\u00b7lustrador - Editorial Juventud<\/title>\n<meta name=\"description\" content=\"Si hi ha una cosa que ens agrada per damunt de tot, \u00e9s mantenir vius tots els llibres del nostre cat\u00e0leg. Cadascun \u00e9s una aposta per una obra de qualitat,\" \/>\n<meta name=\"robots\" content=\"index, follow, max-snippet:-1, max-image-preview:large, max-video-preview:-1\" \/>\n<link rel=\"canonical\" href=\"https:\/\/www.editorialjuventud.es\/ca\/el-princep-felic-i-el-seu-felic-illustrador\/\" \/>\n<meta property=\"og:locale\" content=\"ca_ES\" \/>\n<meta property=\"og:type\" content=\"article\" \/>\n<meta property=\"og:title\" content=\"El Pr\u00edncep Feli\u00e7 i el seu (feli\u00e7) il\u00b7lustrador - Editorial Juventud\" \/>\n<meta property=\"og:description\" content=\"Si hi ha una cosa que ens agrada per damunt de tot, \u00e9s mantenir vius tots els llibres del nostre cat\u00e0leg. Cadascun \u00e9s una aposta per una obra de qualitat,\" \/>\n<meta property=\"og:url\" content=\"https:\/\/www.editorialjuventud.es\/ca\/el-princep-felic-i-el-seu-felic-illustrador\/\" \/>\n<meta property=\"og:site_name\" content=\"Editorial Juventud\" \/>\n<meta property=\"article:published_time\" content=\"2021-04-15T09:49:51+00:00\" \/>\n<meta property=\"article:modified_time\" content=\"2021-04-15T11:37:14+00:00\" \/>\n<meta property=\"og:image\" content=\"https:\/\/www.editorialjuventud.es\/wp-content\/uploads\/blog-i-news_princep.jpg\" \/>\n\t<meta property=\"og:image:width\" content=\"4613\" \/>\n\t<meta property=\"og:image:height\" content=\"3071\" \/>\n\t<meta property=\"og:image:type\" content=\"image\/jpeg\" \/>\n<meta name=\"author\" content=\"Elena Zendrera\" \/>\n<meta name=\"twitter:card\" content=\"summary_large_image\" \/>\n<meta name=\"twitter:label1\" content=\"Escrit per\" \/>\n\t<meta name=\"twitter:data1\" content=\"Elena Zendrera\" \/>\n\t<meta name=\"twitter:label2\" content=\"Temps estimat de lectura\" \/>\n\t<meta name=\"twitter:data2\" content=\"4 minuts\" \/>\n<script type=\"application\/ld+json\" class=\"yoast-schema-graph\">{\"@context\":\"https:\\\/\\\/schema.org\",\"@graph\":[{\"@type\":\"Article\",\"@id\":\"https:\\\/\\\/www.editorialjuventud.es\\\/ca\\\/el-princep-felic-i-el-seu-felic-illustrador\\\/#article\",\"isPartOf\":{\"@id\":\"https:\\\/\\\/www.editorialjuventud.es\\\/ca\\\/el-princep-felic-i-el-seu-felic-illustrador\\\/\"},\"author\":{\"name\":\"Elena Zendrera\",\"@id\":\"https:\\\/\\\/www.editorialjuventud.es\\\/#\\\/schema\\\/person\\\/11adb0e95c8cff9fce7b1d3acea1dc72\"},\"headline\":\"El Pr\u00edncep Feli\u00e7 i el seu (feli\u00e7) il\u00b7lustrador\",\"datePublished\":\"2021-04-15T09:49:51+00:00\",\"dateModified\":\"2021-04-15T11:37:14+00:00\",\"mainEntityOfPage\":{\"@id\":\"https:\\\/\\\/www.editorialjuventud.es\\\/ca\\\/el-princep-felic-i-el-seu-felic-illustrador\\\/\"},\"wordCount\":816,\"commentCount\":0,\"image\":{\"@id\":\"https:\\\/\\\/www.editorialjuventud.es\\\/ca\\\/el-princep-felic-i-el-seu-felic-illustrador\\\/#primaryimage\"},\"thumbnailUrl\":\"https:\\\/\\\/www.editorialjuventud.es\\\/wp-content\\\/uploads\\\/blog-i-news_princep.jpg\",\"articleSection\":[\"Coneixent els autors\"],\"inLanguage\":\"ca\",\"potentialAction\":[{\"@type\":\"CommentAction\",\"name\":\"Comment\",\"target\":[\"https:\\\/\\\/www.editorialjuventud.es\\\/ca\\\/el-princep-felic-i-el-seu-felic-illustrador\\\/#respond\"]}]},{\"@type\":\"WebPage\",\"@id\":\"https:\\\/\\\/www.editorialjuventud.es\\\/ca\\\/el-princep-felic-i-el-seu-felic-illustrador\\\/\",\"url\":\"https:\\\/\\\/www.editorialjuventud.es\\\/ca\\\/el-princep-felic-i-el-seu-felic-illustrador\\\/\",\"name\":\"El Pr\u00edncep Feli\u00e7 i el seu (feli\u00e7) il\u00b7lustrador - Editorial Juventud\",\"isPartOf\":{\"@id\":\"https:\\\/\\\/www.editorialjuventud.es\\\/#website\"},\"primaryImageOfPage\":{\"@id\":\"https:\\\/\\\/www.editorialjuventud.es\\\/ca\\\/el-princep-felic-i-el-seu-felic-illustrador\\\/#primaryimage\"},\"image\":{\"@id\":\"https:\\\/\\\/www.editorialjuventud.es\\\/ca\\\/el-princep-felic-i-el-seu-felic-illustrador\\\/#primaryimage\"},\"thumbnailUrl\":\"https:\\\/\\\/www.editorialjuventud.es\\\/wp-content\\\/uploads\\\/blog-i-news_princep.jpg\",\"datePublished\":\"2021-04-15T09:49:51+00:00\",\"dateModified\":\"2021-04-15T11:37:14+00:00\",\"author\":{\"@id\":\"https:\\\/\\\/www.editorialjuventud.es\\\/#\\\/schema\\\/person\\\/11adb0e95c8cff9fce7b1d3acea1dc72\"},\"description\":\"Si hi ha una cosa que ens agrada per damunt de tot, \u00e9s mantenir vius tots els llibres del nostre cat\u00e0leg. Cadascun \u00e9s una aposta per una obra de qualitat,\",\"breadcrumb\":{\"@id\":\"https:\\\/\\\/www.editorialjuventud.es\\\/ca\\\/el-princep-felic-i-el-seu-felic-illustrador\\\/#breadcrumb\"},\"inLanguage\":\"ca\",\"potentialAction\":[{\"@type\":\"ReadAction\",\"target\":[\"https:\\\/\\\/www.editorialjuventud.es\\\/ca\\\/el-princep-felic-i-el-seu-felic-illustrador\\\/\"]}]},{\"@type\":\"ImageObject\",\"inLanguage\":\"ca\",\"@id\":\"https:\\\/\\\/www.editorialjuventud.es\\\/ca\\\/el-princep-felic-i-el-seu-felic-illustrador\\\/#primaryimage\",\"url\":\"https:\\\/\\\/www.editorialjuventud.es\\\/wp-content\\\/uploads\\\/blog-i-news_princep.jpg\",\"contentUrl\":\"https:\\\/\\\/www.editorialjuventud.es\\\/wp-content\\\/uploads\\\/blog-i-news_princep.jpg\",\"width\":4613,\"height\":3071},{\"@type\":\"BreadcrumbList\",\"@id\":\"https:\\\/\\\/www.editorialjuventud.es\\\/ca\\\/el-princep-felic-i-el-seu-felic-illustrador\\\/#breadcrumb\",\"itemListElement\":[{\"@type\":\"ListItem\",\"position\":1,\"name\":\"Portada\",\"item\":\"https:\\\/\\\/www.editorialjuventud.es\\\/\"},{\"@type\":\"ListItem\",\"position\":2,\"name\":\"Coneixent els autors\",\"item\":\"https:\\\/\\\/www.editorialjuventud.es\\\/ca\\\/coneixent-els-autors\\\/\"},{\"@type\":\"ListItem\",\"position\":3,\"name\":\"El Pr\u00edncep Feli\u00e7 i el seu (feli\u00e7) il\u00b7lustrador\"}]},{\"@type\":\"WebSite\",\"@id\":\"https:\\\/\\\/www.editorialjuventud.es\\\/#website\",\"url\":\"https:\\\/\\\/www.editorialjuventud.es\\\/\",\"name\":\"Editorial Juventud\",\"description\":\"\",\"potentialAction\":[{\"@type\":\"SearchAction\",\"target\":{\"@type\":\"EntryPoint\",\"urlTemplate\":\"https:\\\/\\\/www.editorialjuventud.es\\\/?s={search_term_string}\"},\"query-input\":{\"@type\":\"PropertyValueSpecification\",\"valueRequired\":true,\"valueName\":\"search_term_string\"}}],\"inLanguage\":\"ca\"},{\"@type\":\"Person\",\"@id\":\"https:\\\/\\\/www.editorialjuventud.es\\\/#\\\/schema\\\/person\\\/11adb0e95c8cff9fce7b1d3acea1dc72\",\"name\":\"Elena Zendrera\",\"image\":{\"@type\":\"ImageObject\",\"inLanguage\":\"ca\",\"@id\":\"https:\\\/\\\/secure.gravatar.com\\\/avatar\\\/59be7267a2e960543eb55b531466a56ae5897cdf23be62405fc73cccf0d39145?s=96&d=mm&r=g\",\"url\":\"https:\\\/\\\/secure.gravatar.com\\\/avatar\\\/59be7267a2e960543eb55b531466a56ae5897cdf23be62405fc73cccf0d39145?s=96&d=mm&r=g\",\"contentUrl\":\"https:\\\/\\\/secure.gravatar.com\\\/avatar\\\/59be7267a2e960543eb55b531466a56ae5897cdf23be62405fc73cccf0d39145?s=96&d=mm&r=g\",\"caption\":\"Elena Zendrera\"}}]}<\/script>\n<!-- \/ Yoast SEO plugin. -->","yoast_head_json":{"title":"El Pr\u00edncep Feli\u00e7 i el seu (feli\u00e7) il\u00b7lustrador - Editorial Juventud","description":"Si hi ha una cosa que ens agrada per damunt de tot, \u00e9s mantenir vius tots els llibres del nostre cat\u00e0leg. Cadascun \u00e9s una aposta per una obra de qualitat,","robots":{"index":"index","follow":"follow","max-snippet":"max-snippet:-1","max-image-preview":"max-image-preview:large","max-video-preview":"max-video-preview:-1"},"canonical":"https:\/\/www.editorialjuventud.es\/ca\/el-princep-felic-i-el-seu-felic-illustrador\/","og_locale":"ca_ES","og_type":"article","og_title":"El Pr\u00edncep Feli\u00e7 i el seu (feli\u00e7) il\u00b7lustrador - Editorial Juventud","og_description":"Si hi ha una cosa que ens agrada per damunt de tot, \u00e9s mantenir vius tots els llibres del nostre cat\u00e0leg. Cadascun \u00e9s una aposta per una obra de qualitat,","og_url":"https:\/\/www.editorialjuventud.es\/ca\/el-princep-felic-i-el-seu-felic-illustrador\/","og_site_name":"Editorial Juventud","article_published_time":"2021-04-15T09:49:51+00:00","article_modified_time":"2021-04-15T11:37:14+00:00","og_image":[{"width":4613,"height":3071,"url":"https:\/\/www.editorialjuventud.es\/wp-content\/uploads\/blog-i-news_princep.jpg","type":"image\/jpeg"}],"author":"Elena Zendrera","twitter_card":"summary_large_image","twitter_misc":{"Escrit per":"Elena Zendrera","Temps estimat de lectura":"4 minuts"},"schema":{"@context":"https:\/\/schema.org","@graph":[{"@type":"Article","@id":"https:\/\/www.editorialjuventud.es\/ca\/el-princep-felic-i-el-seu-felic-illustrador\/#article","isPartOf":{"@id":"https:\/\/www.editorialjuventud.es\/ca\/el-princep-felic-i-el-seu-felic-illustrador\/"},"author":{"name":"Elena Zendrera","@id":"https:\/\/www.editorialjuventud.es\/#\/schema\/person\/11adb0e95c8cff9fce7b1d3acea1dc72"},"headline":"El Pr\u00edncep Feli\u00e7 i el seu (feli\u00e7) il\u00b7lustrador","datePublished":"2021-04-15T09:49:51+00:00","dateModified":"2021-04-15T11:37:14+00:00","mainEntityOfPage":{"@id":"https:\/\/www.editorialjuventud.es\/ca\/el-princep-felic-i-el-seu-felic-illustrador\/"},"wordCount":816,"commentCount":0,"image":{"@id":"https:\/\/www.editorialjuventud.es\/ca\/el-princep-felic-i-el-seu-felic-illustrador\/#primaryimage"},"thumbnailUrl":"https:\/\/www.editorialjuventud.es\/wp-content\/uploads\/blog-i-news_princep.jpg","articleSection":["Coneixent els autors"],"inLanguage":"ca","potentialAction":[{"@type":"CommentAction","name":"Comment","target":["https:\/\/www.editorialjuventud.es\/ca\/el-princep-felic-i-el-seu-felic-illustrador\/#respond"]}]},{"@type":"WebPage","@id":"https:\/\/www.editorialjuventud.es\/ca\/el-princep-felic-i-el-seu-felic-illustrador\/","url":"https:\/\/www.editorialjuventud.es\/ca\/el-princep-felic-i-el-seu-felic-illustrador\/","name":"El Pr\u00edncep Feli\u00e7 i el seu (feli\u00e7) il\u00b7lustrador - Editorial Juventud","isPartOf":{"@id":"https:\/\/www.editorialjuventud.es\/#website"},"primaryImageOfPage":{"@id":"https:\/\/www.editorialjuventud.es\/ca\/el-princep-felic-i-el-seu-felic-illustrador\/#primaryimage"},"image":{"@id":"https:\/\/www.editorialjuventud.es\/ca\/el-princep-felic-i-el-seu-felic-illustrador\/#primaryimage"},"thumbnailUrl":"https:\/\/www.editorialjuventud.es\/wp-content\/uploads\/blog-i-news_princep.jpg","datePublished":"2021-04-15T09:49:51+00:00","dateModified":"2021-04-15T11:37:14+00:00","author":{"@id":"https:\/\/www.editorialjuventud.es\/#\/schema\/person\/11adb0e95c8cff9fce7b1d3acea1dc72"},"description":"Si hi ha una cosa que ens agrada per damunt de tot, \u00e9s mantenir vius tots els llibres del nostre cat\u00e0leg. Cadascun \u00e9s una aposta per una obra de qualitat,","breadcrumb":{"@id":"https:\/\/www.editorialjuventud.es\/ca\/el-princep-felic-i-el-seu-felic-illustrador\/#breadcrumb"},"inLanguage":"ca","potentialAction":[{"@type":"ReadAction","target":["https:\/\/www.editorialjuventud.es\/ca\/el-princep-felic-i-el-seu-felic-illustrador\/"]}]},{"@type":"ImageObject","inLanguage":"ca","@id":"https:\/\/www.editorialjuventud.es\/ca\/el-princep-felic-i-el-seu-felic-illustrador\/#primaryimage","url":"https:\/\/www.editorialjuventud.es\/wp-content\/uploads\/blog-i-news_princep.jpg","contentUrl":"https:\/\/www.editorialjuventud.es\/wp-content\/uploads\/blog-i-news_princep.jpg","width":4613,"height":3071},{"@type":"BreadcrumbList","@id":"https:\/\/www.editorialjuventud.es\/ca\/el-princep-felic-i-el-seu-felic-illustrador\/#breadcrumb","itemListElement":[{"@type":"ListItem","position":1,"name":"Portada","item":"https:\/\/www.editorialjuventud.es\/"},{"@type":"ListItem","position":2,"name":"Coneixent els autors","item":"https:\/\/www.editorialjuventud.es\/ca\/coneixent-els-autors\/"},{"@type":"ListItem","position":3,"name":"El Pr\u00edncep Feli\u00e7 i el seu (feli\u00e7) il\u00b7lustrador"}]},{"@type":"WebSite","@id":"https:\/\/www.editorialjuventud.es\/#website","url":"https:\/\/www.editorialjuventud.es\/","name":"Editorial Juventud","description":"","potentialAction":[{"@type":"SearchAction","target":{"@type":"EntryPoint","urlTemplate":"https:\/\/www.editorialjuventud.es\/?s={search_term_string}"},"query-input":{"@type":"PropertyValueSpecification","valueRequired":true,"valueName":"search_term_string"}}],"inLanguage":"ca"},{"@type":"Person","@id":"https:\/\/www.editorialjuventud.es\/#\/schema\/person\/11adb0e95c8cff9fce7b1d3acea1dc72","name":"Elena Zendrera","image":{"@type":"ImageObject","inLanguage":"ca","@id":"https:\/\/secure.gravatar.com\/avatar\/59be7267a2e960543eb55b531466a56ae5897cdf23be62405fc73cccf0d39145?s=96&d=mm&r=g","url":"https:\/\/secure.gravatar.com\/avatar\/59be7267a2e960543eb55b531466a56ae5897cdf23be62405fc73cccf0d39145?s=96&d=mm&r=g","contentUrl":"https:\/\/secure.gravatar.com\/avatar\/59be7267a2e960543eb55b531466a56ae5897cdf23be62405fc73cccf0d39145?s=96&d=mm&r=g","caption":"Elena Zendrera"}}]}},"_links":{"self":[{"href":"https:\/\/www.editorialjuventud.es\/ca\/wp-json\/wp\/v2\/posts\/52433","targetHints":{"allow":["GET"]}}],"collection":[{"href":"https:\/\/www.editorialjuventud.es\/ca\/wp-json\/wp\/v2\/posts"}],"about":[{"href":"https:\/\/www.editorialjuventud.es\/ca\/wp-json\/wp\/v2\/types\/post"}],"author":[{"embeddable":true,"href":"https:\/\/www.editorialjuventud.es\/ca\/wp-json\/wp\/v2\/users\/47"}],"replies":[{"embeddable":true,"href":"https:\/\/www.editorialjuventud.es\/ca\/wp-json\/wp\/v2\/comments?post=52433"}],"version-history":[{"count":5,"href":"https:\/\/www.editorialjuventud.es\/ca\/wp-json\/wp\/v2\/posts\/52433\/revisions"}],"predecessor-version":[{"id":52464,"href":"https:\/\/www.editorialjuventud.es\/ca\/wp-json\/wp\/v2\/posts\/52433\/revisions\/52464"}],"wp:featuredmedia":[{"embeddable":true,"href":"https:\/\/www.editorialjuventud.es\/ca\/wp-json\/wp\/v2\/media\/52428"}],"wp:attachment":[{"href":"https:\/\/www.editorialjuventud.es\/ca\/wp-json\/wp\/v2\/media?parent=52433"}],"wp:term":[{"taxonomy":"category","embeddable":true,"href":"https:\/\/www.editorialjuventud.es\/ca\/wp-json\/wp\/v2\/categories?post=52433"},{"taxonomy":"post_tag","embeddable":true,"href":"https:\/\/www.editorialjuventud.es\/ca\/wp-json\/wp\/v2\/tags?post=52433"}],"curies":[{"name":"wp","href":"https:\/\/api.w.org\/{rel}","templated":true}]}}