{"id":51411,"date":"2021-03-17T10:19:01","date_gmt":"2021-03-17T09:19:01","guid":{"rendered":"https:\/\/www.editorialjuventud.es\/?p=51411"},"modified":"2021-03-17T16:58:00","modified_gmt":"2021-03-17T15:58:00","slug":"redescobreix-lartista-que-hi-ha-en-tu","status":"publish","type":"post","link":"https:\/\/www.editorialjuventud.es\/ca\/redescobreix-lartista-que-hi-ha-en-tu\/","title":{"rendered":"Una activitat per l\u2019artista que tens a dins"},"content":{"rendered":"\n<p>Creiem fermament que l\u2019art pot canviar el m\u00f3n. I que no \u00e9s necessari ser Rubens o Artemisia Gentileschi per a crear obres \u00faniques i que ens emocionin. Per aix\u00f2 mateix, us animem, sigueu nens o adults, a donar ales als artistes que teniu a dins a trav\u00e9s de projectes art\u00edstics. <\/p>\n\n\n\n<div style=\"height:20px\" aria-hidden=\"true\" class=\"wp-block-spacer\"><\/div>\n\n\n\n<p>Per aix\u00f2 hem publicat un parell de llibres plens de propostes, art, idees&#8230;, tot all\u00f2 que necessiteu!: <em><a href=\"https:\/\/www.editorialjuventud.es\/ca\/arte-moderno-en-accion-9788426141132\/\">Arte moderno en acci\u00f3n<\/a><\/em> i <em><a href=\"https:\/\/www.editorialjuventud.es\/ca\/arte-3d-en-accion-9788426143488\/\">Arte 3D en acci\u00f3n<\/a><\/em>, de Jill Laidlaw i Maja Pitamic. En cadascun d\u2019ells hi trobareu <strong>36 projectes creatius que us encisaran<\/strong>. <\/p>\n\n\n\n<div style=\"height:20px\" aria-hidden=\"true\" class=\"wp-block-spacer\"><\/div>\n\n\n\n<figure class=\"wp-block-image\"><img loading=\"lazy\" decoding=\"async\" width=\"4613\" height=\"3071\" src=\"https:\/\/www.editorialjuventud.es\/wp-content\/uploads\/cast_blog5.jpg\" alt=\"\" class=\"wp-image-51416\" srcset=\"https:\/\/www.editorialjuventud.es\/wp-content\/uploads\/cast_blog5.jpg 4613w, https:\/\/www.editorialjuventud.es\/wp-content\/uploads\/cast_blog5-768x511.jpg 768w, https:\/\/www.editorialjuventud.es\/wp-content\/uploads\/cast_blog5-350x233.jpg 350w, https:\/\/www.editorialjuventud.es\/wp-content\/uploads\/cast_blog5-900x599.jpg 900w\" sizes=\"auto, (max-width: 4613px) 100vw, 4613px\" \/><\/figure>\n\n\n\n<div style=\"height:20px\" aria-hidden=\"true\" class=\"wp-block-spacer\"><\/div>\n\n\n\n<p>El projecte que us proposem \u00e9s el del llibre <em><a href=\"https:\/\/www.editorialjuventud.es\/ca\/arte-moderno-en-accion-9788426141132\/\">Arte moderno en acci\u00f3n<\/a><\/em> i, com volem comen\u00e7ar molt fort, triarem una de les propostes del moviment <strong>Expressionista<\/strong>, radicat a Alemanya. Els expressionistes provaven de plasmar a trav\u00e9s del seu art els terrors de la Primera Guerra Mundial. <\/p>\n\n\n\n<div style=\"height:20px\" aria-hidden=\"true\" class=\"wp-block-spacer\"><\/div>\n\n\n\n<p>Un dels pintors m\u00e9s representatius d\u2019aquest moviment \u00e9s Edvard Munch.<br>Qui no coneix <strong>El crit<\/strong>? Del quadre se\u2019n desprenen moltes emocions, en la figura central cridant, en les formes retor\u00e7ades o en els colors que ens colpegen els sentits.         <\/p>\n\n\n\n<div style=\"height:20px\" aria-hidden=\"true\" class=\"wp-block-spacer\"><\/div>\n\n\n\n<figure class=\"wp-block-image\"><img loading=\"lazy\" decoding=\"async\" width=\"4613\" height=\"3071\" src=\"https:\/\/www.editorialjuventud.es\/wp-content\/uploads\/cast_blog.jpg\" alt=\"\" class=\"wp-image-51418\" srcset=\"https:\/\/www.editorialjuventud.es\/wp-content\/uploads\/cast_blog.jpg 4613w, https:\/\/www.editorialjuventud.es\/wp-content\/uploads\/cast_blog-768x511.jpg 768w, https:\/\/www.editorialjuventud.es\/wp-content\/uploads\/cast_blog-350x233.jpg 350w, https:\/\/www.editorialjuventud.es\/wp-content\/uploads\/cast_blog-900x599.jpg 900w\" sizes=\"auto, (max-width: 4613px) 100vw, 4613px\" \/><\/figure>\n\n\n\n<div style=\"height:20px\" aria-hidden=\"true\" class=\"wp-block-spacer\"><\/div>\n\n\n\n<p>Justament sobre aquesta pintura durem a terme\nl\u2019activitat. A m\u00e9s a m\u00e9s, \u00e9s l\u2019excusa perfecta per a reflexionar sobre tot el\nque cont\u00e9 l\u2019obra (penses que alg\u00fa el sent cridar?, Qui s\u00f3n les figures que es\nveuen all\u00e0 a la llunyania?) i deixar volar la nostra vena creativa.<\/p>\n\n\n\n<div style=\"height:20px\" aria-hidden=\"true\" class=\"wp-block-spacer\"><\/div>\n\n\n\n<p>En els seus\ninicis, Munch no tenia prou diners per a comprar llen\u00e7os i feia servir cartr\u00f3.\nUn cop va saltar a la fama, va seguir utilitzant aquest material per costum i\nperqu\u00e8 li agradaven les textures.\nFem la nostra pr\u00f2pia versi\u00f3 d\u2019<strong>El crit<\/strong>!<\/p>\n\n\n\n<div style=\"height:20px\" aria-hidden=\"true\" class=\"wp-block-spacer\"><\/div>\n\n\n\n<figure class=\"wp-block-image\"><img loading=\"lazy\" decoding=\"async\" width=\"4613\" height=\"3071\" src=\"https:\/\/www.editorialjuventud.es\/wp-content\/uploads\/cast_blog13.jpg\" alt=\"\" class=\"wp-image-51429\" srcset=\"https:\/\/www.editorialjuventud.es\/wp-content\/uploads\/cast_blog13.jpg 4613w, https:\/\/www.editorialjuventud.es\/wp-content\/uploads\/cast_blog13-768x511.jpg 768w, https:\/\/www.editorialjuventud.es\/wp-content\/uploads\/cast_blog13-350x233.jpg 350w, https:\/\/www.editorialjuventud.es\/wp-content\/uploads\/cast_blog13-900x599.jpg 900w\" sizes=\"auto, (max-width: 4613px) 100vw, 4613px\" \/><\/figure>\n\n\n\n<div style=\"height:20px\" aria-hidden=\"true\" class=\"wp-block-spacer\"><\/div>\n\n\n\n<p>Necessites:<\/p>\n\n\n\n<p>-un cartr\u00f3\ngruixut rectangular. Mida ideal: el lateral d\u2019una caixa gran<\/p>\n\n\n\n<p>-tisores<\/p>\n\n\n\n<p>-llapis<\/p>\n\n\n\n<p>-llapis de cera\ngruixuts <\/p>\n\n\n\n<div style=\"height:20px\" aria-hidden=\"true\" class=\"wp-block-spacer\"><\/div>\n\n\n\n<figure class=\"wp-block-image\"><img loading=\"lazy\" decoding=\"async\" width=\"4613\" height=\"3071\" src=\"https:\/\/www.editorialjuventud.es\/wp-content\/uploads\/cast_blog3.jpg\" alt=\"\" class=\"wp-image-51422\" srcset=\"https:\/\/www.editorialjuventud.es\/wp-content\/uploads\/cast_blog3.jpg 4613w, https:\/\/www.editorialjuventud.es\/wp-content\/uploads\/cast_blog3-768x511.jpg 768w, https:\/\/www.editorialjuventud.es\/wp-content\/uploads\/cast_blog3-350x233.jpg 350w, https:\/\/www.editorialjuventud.es\/wp-content\/uploads\/cast_blog3-900x599.jpg 900w\" sizes=\"auto, (max-width: 4613px) 100vw, 4613px\" \/><\/figure>\n\n\n\n<div style=\"height:20px\" aria-hidden=\"true\" class=\"wp-block-spacer\"><\/div>\n\n\n\n<p><strong>1<\/strong>. Retalla un rectangle de cartr\u00f3 tres cops m\u00e9s gran que el teu cap. Si el cartr\u00f3 \u00e9s massa dur, demana ajuda a un adult.<\/p>\n\n\n\n<p><strong>2.<\/strong> Enmig del cartr\u00f3 retalla un petit oval. Segueix retallant de mica en mica per fer-lo m\u00e9s gran fins que puguis treure el cap.<\/p>\n\n\n\n<div style=\"height:20px\" aria-hidden=\"true\" class=\"wp-block-spacer\"><\/div>\n\n\n\n<figure class=\"wp-block-image\"><img loading=\"lazy\" decoding=\"async\" width=\"4613\" height=\"3071\" src=\"https:\/\/www.editorialjuventud.es\/wp-content\/uploads\/cast_blog4.jpg\" alt=\"\" class=\"wp-image-51424\" srcset=\"https:\/\/www.editorialjuventud.es\/wp-content\/uploads\/cast_blog4.jpg 4613w, https:\/\/www.editorialjuventud.es\/wp-content\/uploads\/cast_blog4-768x511.jpg 768w, https:\/\/www.editorialjuventud.es\/wp-content\/uploads\/cast_blog4-350x233.jpg 350w, https:\/\/www.editorialjuventud.es\/wp-content\/uploads\/cast_blog4-900x599.jpg 900w\" sizes=\"auto, (max-width: 4613px) 100vw, 4613px\" \/><\/figure>\n\n\n\n<div style=\"height:20px\" aria-hidden=\"true\" class=\"wp-block-spacer\"><\/div>\n\n\n\n<p><strong>3.<\/strong> Dibuixa amb un llapis un paisatge i un cel arremolinats. <\/p>\n\n\n\n<p><strong>4.<\/strong> Pinta el paisatge amb els llapis de cera. Fes servir colors que contrastin per crear un efecte dram\u00e0tic. <\/p>\n\n\n\n<div style=\"height:20px\" aria-hidden=\"true\" class=\"wp-block-spacer\"><\/div>\n\n\n\n<p><strong>Consell! <\/strong><\/p>\n\n\n\n<p>En lloc de retallar un forat per a la cara, dibuixa la cara cridant. Despr\u00e9s retalla un espai per posar les mans i donar-li l\u2019expressivitat del crit.  <\/p>\n\n\n\n<div style=\"height:20px\" aria-hidden=\"true\" class=\"wp-block-spacer\"><\/div>\n\n\n\n<p>Aquesta \u00e9s nom\u00e9s una de les propostes del llibre <em><a href=\"https:\/\/www.editorialjuventud.es\/ca\/arte-moderno-en-accion-9788426141132\/\">Arte moderno en acci\u00f3n<\/a><\/em>. Si voleu experimentar amb l\u2019art tridimensional, que els nens treballin amb les mans, embrutin i passin una bona estona descobrint inspiraci\u00f3 en l\u2019art de tots els racons del m\u00f3n, tampoc us podeu perdre el llibre <em><a href=\"https:\/\/www.editorialjuventud.es\/ca\/arte-3d-en-accion-9788426143488\/\">Arte 3D en acci\u00f3n<\/a><\/em>. <\/p>\n\n\n\n<div style=\"height:20px\" aria-hidden=\"true\" class=\"wp-block-spacer\"><\/div>\n\n\n\n<figure class=\"wp-block-image\"><img loading=\"lazy\" decoding=\"async\" width=\"4613\" height=\"3071\" src=\"https:\/\/www.editorialjuventud.es\/wp-content\/uploads\/arte-3d-en-accion.gif\" alt=\"\" class=\"wp-image-51426\"\/><\/figure>\n\n\n\n<div style=\"height:20px\" aria-hidden=\"true\" class=\"wp-block-spacer\"><\/div>\n\n\n\n<p>Us animem a\ncompartir les vostres obres d\u2019art! Podeu pujar les fotos a les xarxes socials,\netiquetar-nos i fer servir el hashtag <strong>#Josocunartista!<\/strong><\/p>\n","protected":false},"excerpt":{"rendered":"Creiem fermament que l\u2019art pot canviar el m\u00f3n. I que no \u00e9s necessari ser Rubens o Artemisia Gentileschi per a crear obres \u00faniques i que ens emocionin. Per aix\u00f2 mateix, us animem, sigueu nens o adults, a donar ales als [&hellip;]","protected":false},"author":47,"featured_media":51409,"comment_status":"open","ping_status":"open","sticky":false,"template":"","format":"standard","meta":{"_acf_changed":false,"_exactmetrics_skip_tracking":false,"_exactmetrics_sitenote_active":false,"_exactmetrics_sitenote_note":"","_exactmetrics_sitenote_category":0,"footnotes":""},"categories":[623],"tags":[],"class_list":["post-51411","post","type-post","status-publish","format-standard","has-post-thumbnail","hentry","category-mans-creatives"],"acf":{"libros_enlazados":[6005,6189]},"yoast_head":"<!-- This site is optimized with the Yoast SEO plugin v27.3 - https:\/\/yoast.com\/product\/yoast-seo-wordpress\/ -->\n<title>Una activitat per l\u2019artista que tens a dins - Editorial Juventud<\/title>\n<meta name=\"description\" content=\"Creiem fermament que l\u2019art pot canviar el m\u00f3n. I que no \u00e9s necessari ser Rubens o Artemisia Gentileschi per a crear obres \u00faniques i que ens emocionin. Per\" \/>\n<meta name=\"robots\" content=\"index, follow, max-snippet:-1, max-image-preview:large, max-video-preview:-1\" \/>\n<link rel=\"canonical\" href=\"https:\/\/www.editorialjuventud.es\/ca\/redescobreix-lartista-que-hi-ha-en-tu\/\" \/>\n<meta property=\"og:locale\" content=\"ca_ES\" \/>\n<meta property=\"og:type\" content=\"article\" \/>\n<meta property=\"og:title\" content=\"Una activitat per l\u2019artista que tens a dins - Editorial Juventud\" \/>\n<meta property=\"og:description\" content=\"Creiem fermament que l\u2019art pot canviar el m\u00f3n. I que no \u00e9s necessari ser Rubens o Artemisia Gentileschi per a crear obres \u00faniques i que ens emocionin. Per\" \/>\n<meta property=\"og:url\" content=\"https:\/\/www.editorialjuventud.es\/ca\/redescobreix-lartista-que-hi-ha-en-tu\/\" \/>\n<meta property=\"og:site_name\" content=\"Editorial Juventud\" \/>\n<meta property=\"article:published_time\" content=\"2021-03-17T09:19:01+00:00\" \/>\n<meta property=\"article:modified_time\" content=\"2021-03-17T15:58:00+00:00\" \/>\n<meta property=\"og:image\" content=\"https:\/\/www.editorialjuventud.es\/wp-content\/uploads\/cast_blog7-1.jpg\" \/>\n\t<meta property=\"og:image:width\" content=\"4613\" \/>\n\t<meta property=\"og:image:height\" content=\"3071\" \/>\n\t<meta property=\"og:image:type\" content=\"image\/jpeg\" \/>\n<meta name=\"author\" content=\"Elena Zendrera\" \/>\n<meta name=\"twitter:card\" content=\"summary_large_image\" \/>\n<meta name=\"twitter:label1\" content=\"Escrit per\" \/>\n\t<meta name=\"twitter:data1\" content=\"Elena Zendrera\" \/>\n\t<meta name=\"twitter:label2\" content=\"Temps estimat de lectura\" \/>\n\t<meta name=\"twitter:data2\" content=\"3 minuts\" \/>\n<script type=\"application\/ld+json\" class=\"yoast-schema-graph\">{\"@context\":\"https:\\\/\\\/schema.org\",\"@graph\":[{\"@type\":\"Article\",\"@id\":\"https:\\\/\\\/www.editorialjuventud.es\\\/ca\\\/redescobreix-lartista-que-hi-ha-en-tu\\\/#article\",\"isPartOf\":{\"@id\":\"https:\\\/\\\/www.editorialjuventud.es\\\/ca\\\/redescobreix-lartista-que-hi-ha-en-tu\\\/\"},\"author\":{\"name\":\"Elena Zendrera\",\"@id\":\"https:\\\/\\\/www.editorialjuventud.es\\\/#\\\/schema\\\/person\\\/11adb0e95c8cff9fce7b1d3acea1dc72\"},\"headline\":\"Una activitat per l\u2019artista que tens a dins\",\"datePublished\":\"2021-03-17T09:19:01+00:00\",\"dateModified\":\"2021-03-17T15:58:00+00:00\",\"mainEntityOfPage\":{\"@id\":\"https:\\\/\\\/www.editorialjuventud.es\\\/ca\\\/redescobreix-lartista-que-hi-ha-en-tu\\\/\"},\"wordCount\":511,\"commentCount\":0,\"image\":{\"@id\":\"https:\\\/\\\/www.editorialjuventud.es\\\/ca\\\/redescobreix-lartista-que-hi-ha-en-tu\\\/#primaryimage\"},\"thumbnailUrl\":\"https:\\\/\\\/www.editorialjuventud.es\\\/wp-content\\\/uploads\\\/cast_blog7-1.jpg\",\"articleSection\":[\"Mans creatives\"],\"inLanguage\":\"ca\",\"potentialAction\":[{\"@type\":\"CommentAction\",\"name\":\"Comment\",\"target\":[\"https:\\\/\\\/www.editorialjuventud.es\\\/ca\\\/redescobreix-lartista-que-hi-ha-en-tu\\\/#respond\"]}]},{\"@type\":\"WebPage\",\"@id\":\"https:\\\/\\\/www.editorialjuventud.es\\\/ca\\\/redescobreix-lartista-que-hi-ha-en-tu\\\/\",\"url\":\"https:\\\/\\\/www.editorialjuventud.es\\\/ca\\\/redescobreix-lartista-que-hi-ha-en-tu\\\/\",\"name\":\"Una activitat per l\u2019artista que tens a dins - Editorial Juventud\",\"isPartOf\":{\"@id\":\"https:\\\/\\\/www.editorialjuventud.es\\\/#website\"},\"primaryImageOfPage\":{\"@id\":\"https:\\\/\\\/www.editorialjuventud.es\\\/ca\\\/redescobreix-lartista-que-hi-ha-en-tu\\\/#primaryimage\"},\"image\":{\"@id\":\"https:\\\/\\\/www.editorialjuventud.es\\\/ca\\\/redescobreix-lartista-que-hi-ha-en-tu\\\/#primaryimage\"},\"thumbnailUrl\":\"https:\\\/\\\/www.editorialjuventud.es\\\/wp-content\\\/uploads\\\/cast_blog7-1.jpg\",\"datePublished\":\"2021-03-17T09:19:01+00:00\",\"dateModified\":\"2021-03-17T15:58:00+00:00\",\"author\":{\"@id\":\"https:\\\/\\\/www.editorialjuventud.es\\\/#\\\/schema\\\/person\\\/11adb0e95c8cff9fce7b1d3acea1dc72\"},\"description\":\"Creiem fermament que l\u2019art pot canviar el m\u00f3n. I que no \u00e9s necessari ser Rubens o Artemisia Gentileschi per a crear obres \u00faniques i que ens emocionin. Per\",\"breadcrumb\":{\"@id\":\"https:\\\/\\\/www.editorialjuventud.es\\\/ca\\\/redescobreix-lartista-que-hi-ha-en-tu\\\/#breadcrumb\"},\"inLanguage\":\"ca\",\"potentialAction\":[{\"@type\":\"ReadAction\",\"target\":[\"https:\\\/\\\/www.editorialjuventud.es\\\/ca\\\/redescobreix-lartista-que-hi-ha-en-tu\\\/\"]}]},{\"@type\":\"ImageObject\",\"inLanguage\":\"ca\",\"@id\":\"https:\\\/\\\/www.editorialjuventud.es\\\/ca\\\/redescobreix-lartista-que-hi-ha-en-tu\\\/#primaryimage\",\"url\":\"https:\\\/\\\/www.editorialjuventud.es\\\/wp-content\\\/uploads\\\/cast_blog7-1.jpg\",\"contentUrl\":\"https:\\\/\\\/www.editorialjuventud.es\\\/wp-content\\\/uploads\\\/cast_blog7-1.jpg\",\"width\":4613,\"height\":3071},{\"@type\":\"BreadcrumbList\",\"@id\":\"https:\\\/\\\/www.editorialjuventud.es\\\/ca\\\/redescobreix-lartista-que-hi-ha-en-tu\\\/#breadcrumb\",\"itemListElement\":[{\"@type\":\"ListItem\",\"position\":1,\"name\":\"Portada\",\"item\":\"https:\\\/\\\/www.editorialjuventud.es\\\/\"},{\"@type\":\"ListItem\",\"position\":2,\"name\":\"Mans creatives\",\"item\":\"https:\\\/\\\/www.editorialjuventud.es\\\/ca\\\/mans-creatives\\\/\"},{\"@type\":\"ListItem\",\"position\":3,\"name\":\"Una activitat per l\u2019artista que tens a dins\"}]},{\"@type\":\"WebSite\",\"@id\":\"https:\\\/\\\/www.editorialjuventud.es\\\/#website\",\"url\":\"https:\\\/\\\/www.editorialjuventud.es\\\/\",\"name\":\"Editorial Juventud\",\"description\":\"\",\"potentialAction\":[{\"@type\":\"SearchAction\",\"target\":{\"@type\":\"EntryPoint\",\"urlTemplate\":\"https:\\\/\\\/www.editorialjuventud.es\\\/?s={search_term_string}\"},\"query-input\":{\"@type\":\"PropertyValueSpecification\",\"valueRequired\":true,\"valueName\":\"search_term_string\"}}],\"inLanguage\":\"ca\"},{\"@type\":\"Person\",\"@id\":\"https:\\\/\\\/www.editorialjuventud.es\\\/#\\\/schema\\\/person\\\/11adb0e95c8cff9fce7b1d3acea1dc72\",\"name\":\"Elena Zendrera\",\"image\":{\"@type\":\"ImageObject\",\"inLanguage\":\"ca\",\"@id\":\"https:\\\/\\\/secure.gravatar.com\\\/avatar\\\/59be7267a2e960543eb55b531466a56ae5897cdf23be62405fc73cccf0d39145?s=96&d=mm&r=g\",\"url\":\"https:\\\/\\\/secure.gravatar.com\\\/avatar\\\/59be7267a2e960543eb55b531466a56ae5897cdf23be62405fc73cccf0d39145?s=96&d=mm&r=g\",\"contentUrl\":\"https:\\\/\\\/secure.gravatar.com\\\/avatar\\\/59be7267a2e960543eb55b531466a56ae5897cdf23be62405fc73cccf0d39145?s=96&d=mm&r=g\",\"caption\":\"Elena Zendrera\"}}]}<\/script>\n<!-- \/ Yoast SEO plugin. -->","yoast_head_json":{"title":"Una activitat per l\u2019artista que tens a dins - Editorial Juventud","description":"Creiem fermament que l\u2019art pot canviar el m\u00f3n. I que no \u00e9s necessari ser Rubens o Artemisia Gentileschi per a crear obres \u00faniques i que ens emocionin. Per","robots":{"index":"index","follow":"follow","max-snippet":"max-snippet:-1","max-image-preview":"max-image-preview:large","max-video-preview":"max-video-preview:-1"},"canonical":"https:\/\/www.editorialjuventud.es\/ca\/redescobreix-lartista-que-hi-ha-en-tu\/","og_locale":"ca_ES","og_type":"article","og_title":"Una activitat per l\u2019artista que tens a dins - Editorial Juventud","og_description":"Creiem fermament que l\u2019art pot canviar el m\u00f3n. I que no \u00e9s necessari ser Rubens o Artemisia Gentileschi per a crear obres \u00faniques i que ens emocionin. Per","og_url":"https:\/\/www.editorialjuventud.es\/ca\/redescobreix-lartista-que-hi-ha-en-tu\/","og_site_name":"Editorial Juventud","article_published_time":"2021-03-17T09:19:01+00:00","article_modified_time":"2021-03-17T15:58:00+00:00","og_image":[{"width":4613,"height":3071,"url":"https:\/\/www.editorialjuventud.es\/wp-content\/uploads\/cast_blog7-1.jpg","type":"image\/jpeg"}],"author":"Elena Zendrera","twitter_card":"summary_large_image","twitter_misc":{"Escrit per":"Elena Zendrera","Temps estimat de lectura":"3 minuts"},"schema":{"@context":"https:\/\/schema.org","@graph":[{"@type":"Article","@id":"https:\/\/www.editorialjuventud.es\/ca\/redescobreix-lartista-que-hi-ha-en-tu\/#article","isPartOf":{"@id":"https:\/\/www.editorialjuventud.es\/ca\/redescobreix-lartista-que-hi-ha-en-tu\/"},"author":{"name":"Elena Zendrera","@id":"https:\/\/www.editorialjuventud.es\/#\/schema\/person\/11adb0e95c8cff9fce7b1d3acea1dc72"},"headline":"Una activitat per l\u2019artista que tens a dins","datePublished":"2021-03-17T09:19:01+00:00","dateModified":"2021-03-17T15:58:00+00:00","mainEntityOfPage":{"@id":"https:\/\/www.editorialjuventud.es\/ca\/redescobreix-lartista-que-hi-ha-en-tu\/"},"wordCount":511,"commentCount":0,"image":{"@id":"https:\/\/www.editorialjuventud.es\/ca\/redescobreix-lartista-que-hi-ha-en-tu\/#primaryimage"},"thumbnailUrl":"https:\/\/www.editorialjuventud.es\/wp-content\/uploads\/cast_blog7-1.jpg","articleSection":["Mans creatives"],"inLanguage":"ca","potentialAction":[{"@type":"CommentAction","name":"Comment","target":["https:\/\/www.editorialjuventud.es\/ca\/redescobreix-lartista-que-hi-ha-en-tu\/#respond"]}]},{"@type":"WebPage","@id":"https:\/\/www.editorialjuventud.es\/ca\/redescobreix-lartista-que-hi-ha-en-tu\/","url":"https:\/\/www.editorialjuventud.es\/ca\/redescobreix-lartista-que-hi-ha-en-tu\/","name":"Una activitat per l\u2019artista que tens a dins - Editorial Juventud","isPartOf":{"@id":"https:\/\/www.editorialjuventud.es\/#website"},"primaryImageOfPage":{"@id":"https:\/\/www.editorialjuventud.es\/ca\/redescobreix-lartista-que-hi-ha-en-tu\/#primaryimage"},"image":{"@id":"https:\/\/www.editorialjuventud.es\/ca\/redescobreix-lartista-que-hi-ha-en-tu\/#primaryimage"},"thumbnailUrl":"https:\/\/www.editorialjuventud.es\/wp-content\/uploads\/cast_blog7-1.jpg","datePublished":"2021-03-17T09:19:01+00:00","dateModified":"2021-03-17T15:58:00+00:00","author":{"@id":"https:\/\/www.editorialjuventud.es\/#\/schema\/person\/11adb0e95c8cff9fce7b1d3acea1dc72"},"description":"Creiem fermament que l\u2019art pot canviar el m\u00f3n. I que no \u00e9s necessari ser Rubens o Artemisia Gentileschi per a crear obres \u00faniques i que ens emocionin. Per","breadcrumb":{"@id":"https:\/\/www.editorialjuventud.es\/ca\/redescobreix-lartista-que-hi-ha-en-tu\/#breadcrumb"},"inLanguage":"ca","potentialAction":[{"@type":"ReadAction","target":["https:\/\/www.editorialjuventud.es\/ca\/redescobreix-lartista-que-hi-ha-en-tu\/"]}]},{"@type":"ImageObject","inLanguage":"ca","@id":"https:\/\/www.editorialjuventud.es\/ca\/redescobreix-lartista-que-hi-ha-en-tu\/#primaryimage","url":"https:\/\/www.editorialjuventud.es\/wp-content\/uploads\/cast_blog7-1.jpg","contentUrl":"https:\/\/www.editorialjuventud.es\/wp-content\/uploads\/cast_blog7-1.jpg","width":4613,"height":3071},{"@type":"BreadcrumbList","@id":"https:\/\/www.editorialjuventud.es\/ca\/redescobreix-lartista-que-hi-ha-en-tu\/#breadcrumb","itemListElement":[{"@type":"ListItem","position":1,"name":"Portada","item":"https:\/\/www.editorialjuventud.es\/"},{"@type":"ListItem","position":2,"name":"Mans creatives","item":"https:\/\/www.editorialjuventud.es\/ca\/mans-creatives\/"},{"@type":"ListItem","position":3,"name":"Una activitat per l\u2019artista que tens a dins"}]},{"@type":"WebSite","@id":"https:\/\/www.editorialjuventud.es\/#website","url":"https:\/\/www.editorialjuventud.es\/","name":"Editorial Juventud","description":"","potentialAction":[{"@type":"SearchAction","target":{"@type":"EntryPoint","urlTemplate":"https:\/\/www.editorialjuventud.es\/?s={search_term_string}"},"query-input":{"@type":"PropertyValueSpecification","valueRequired":true,"valueName":"search_term_string"}}],"inLanguage":"ca"},{"@type":"Person","@id":"https:\/\/www.editorialjuventud.es\/#\/schema\/person\/11adb0e95c8cff9fce7b1d3acea1dc72","name":"Elena Zendrera","image":{"@type":"ImageObject","inLanguage":"ca","@id":"https:\/\/secure.gravatar.com\/avatar\/59be7267a2e960543eb55b531466a56ae5897cdf23be62405fc73cccf0d39145?s=96&d=mm&r=g","url":"https:\/\/secure.gravatar.com\/avatar\/59be7267a2e960543eb55b531466a56ae5897cdf23be62405fc73cccf0d39145?s=96&d=mm&r=g","contentUrl":"https:\/\/secure.gravatar.com\/avatar\/59be7267a2e960543eb55b531466a56ae5897cdf23be62405fc73cccf0d39145?s=96&d=mm&r=g","caption":"Elena Zendrera"}}]}},"_links":{"self":[{"href":"https:\/\/www.editorialjuventud.es\/ca\/wp-json\/wp\/v2\/posts\/51411","targetHints":{"allow":["GET"]}}],"collection":[{"href":"https:\/\/www.editorialjuventud.es\/ca\/wp-json\/wp\/v2\/posts"}],"about":[{"href":"https:\/\/www.editorialjuventud.es\/ca\/wp-json\/wp\/v2\/types\/post"}],"author":[{"embeddable":true,"href":"https:\/\/www.editorialjuventud.es\/ca\/wp-json\/wp\/v2\/users\/47"}],"replies":[{"embeddable":true,"href":"https:\/\/www.editorialjuventud.es\/ca\/wp-json\/wp\/v2\/comments?post=51411"}],"version-history":[{"count":9,"href":"https:\/\/www.editorialjuventud.es\/ca\/wp-json\/wp\/v2\/posts\/51411\/revisions"}],"predecessor-version":[{"id":51464,"href":"https:\/\/www.editorialjuventud.es\/ca\/wp-json\/wp\/v2\/posts\/51411\/revisions\/51464"}],"wp:featuredmedia":[{"embeddable":true,"href":"https:\/\/www.editorialjuventud.es\/ca\/wp-json\/wp\/v2\/media\/51409"}],"wp:attachment":[{"href":"https:\/\/www.editorialjuventud.es\/ca\/wp-json\/wp\/v2\/media?parent=51411"}],"wp:term":[{"taxonomy":"category","embeddable":true,"href":"https:\/\/www.editorialjuventud.es\/ca\/wp-json\/wp\/v2\/categories?post=51411"},{"taxonomy":"post_tag","embeddable":true,"href":"https:\/\/www.editorialjuventud.es\/ca\/wp-json\/wp\/v2\/tags?post=51411"}],"curies":[{"name":"wp","href":"https:\/\/api.w.org\/{rel}","templated":true}]}}