{"id":43046,"date":"2020-07-21T12:17:20","date_gmt":"2020-07-21T10:17:20","guid":{"rendered":"http:\/\/www.editorialjuventud.es\/?p=43046"},"modified":"2020-07-21T12:23:20","modified_gmt":"2020-07-21T10:23:20","slug":"cada-dia-es-sant-jordi","status":"publish","type":"post","link":"https:\/\/www.editorialjuventud.es\/ca\/cada-dia-es-sant-jordi\/","title":{"rendered":"Cada dia \u00e9s Sant Jordi"},"content":{"rendered":"\n<p>Cada any, per Sant Jordi, ens agrada comptar amb un autor internacional per tal que signi i faci una il\u00b7lustraci\u00f3 als vostres \u00e0lbums. \u00c9s <strong>un dels moments de l\u2019any que m\u00e9s ens estimem<\/strong>, perqu\u00e8 en l\u2019\u00e0mbit personal, tenim l\u2019oportunitat de poder con\u00e8ixer millor els autors dels llibres que tant ens agraden i que incorporem al nostre cat\u00e0leg.<\/p>\n\n\n\n<p>Aquest any vol\u00edem compartir aquesta celebraci\u00f3 tan especial amb en <a href=\"http:\/\/www.editorialjuventud.es\/ca\/autores\/zommer-yuval\/\">Yuval Zoomer<\/a>, autor de la col\u00b7lecci\u00f3 Fauna i Flora, amb llibres tan bonics com <em>El gran llibre de les cuques<\/em>. A m\u00e9s a m\u00e9s, ens semblava ideal presentar el seu nou llibre, <em>El llibre de les flors<\/em>, aprofitant que no nom\u00e9s era el Dia del Llibre, tamb\u00e9 el Dia de la Rosa. Era l\u2019ocasi\u00f3 ideal! <\/p>\n\n\n\n<figure class=\"wp-block-image\"><img loading=\"lazy\" decoding=\"async\" width=\"2667\" height=\"1500\" src=\"https:\/\/www.editorialjuventud.es\/wp-content\/uploads\/Flors_gif.gif\" alt=\"\" class=\"wp-image-43048\"\/><\/figure>\n\n\n\n<p>L\u2019encant d\u2019aquests \u00e0lbums il\u00b7lustrats es combina amb l\u2019aprenentatge dels llibres informatius per crear <strong>un bell t\u00edtol de gran format pensat per menuts de 5 anys en endavant<\/strong>. Les distintives il\u00b7lustracions de Zommer omplen les p\u00e0gines de color i de bellesa. A m\u00e9s, a cadascun dels llibres tamb\u00e9 trobem un joc! <\/p>\n\n\n\n<figure class=\"wp-block-image\"><img loading=\"lazy\" decoding=\"async\" width=\"1301\" height=\"965\" src=\"https:\/\/www.editorialjuventud.es\/wp-content\/uploads\/interior_flors-1.jpg\" alt=\"\" class=\"wp-image-43069\" srcset=\"https:\/\/www.editorialjuventud.es\/wp-content\/uploads\/interior_flors-1.jpg 1301w, https:\/\/www.editorialjuventud.es\/wp-content\/uploads\/interior_flors-1-768x570.jpg 768w, https:\/\/www.editorialjuventud.es\/wp-content\/uploads\/interior_flors-1-350x260.jpg 350w, https:\/\/www.editorialjuventud.es\/wp-content\/uploads\/interior_flors-1-900x668.jpg 900w\" sizes=\"auto, (max-width: 1301px) 100vw, 1301px\" \/><figcaption>Interior d&#8217;<em>El gran llibre de les flors<\/em><\/figcaption><\/figure>\n\n\n\n<p>Per tal que tingu\u00e9ssiu l\u2019oportunitat de con\u00e8ixer-lo personalment, hav\u00edem tancat un parell d\u2019activitats el dia previ a Sant Jordi, una a la llibreria <a href=\"https:\/\/www.elpetittresor.com\/\">El Petit Tresor<\/a> i una altra a la <a href=\"http:\/\/www.llibreriasendak.cat\/\">Llibreria Sendak<\/a> de Barcelona, i un espai per signar a la paradeta d\u2019<a href=\"https:\/\/www.llibreriaallots.com\/cat\/\">Al\u00b7lots<\/a> i a la <a href=\"https:\/\/www.casaanitallibres.com\/index.php\">Trobada d\u2019Il\u00b7lustradors<\/a>. Volem agrair a llibreteres i llibreters la seva complicitat. Sense ells res d\u2019aix\u00f2 tindria sentit. <\/p>\n\n\n\n<figure class=\"wp-block-image\"><img loading=\"lazy\" decoding=\"async\" width=\"4409\" height=\"2142\" src=\"https:\/\/www.editorialjuventud.es\/wp-content\/uploads\/FelicSantJordi2.jpg\" alt=\"\" class=\"wp-image-43050\" srcset=\"https:\/\/www.editorialjuventud.es\/wp-content\/uploads\/FelicSantJordi2.jpg 4409w, https:\/\/www.editorialjuventud.es\/wp-content\/uploads\/FelicSantJordi2-768x373.jpg 768w, https:\/\/www.editorialjuventud.es\/wp-content\/uploads\/FelicSantJordi2-350x170.jpg 350w, https:\/\/www.editorialjuventud.es\/wp-content\/uploads\/FelicSantJordi2-900x437.jpg 900w\" sizes=\"auto, (max-width: 4409px) 100vw, 4409px\" \/><\/figure>\n\n\n\n<p>Tot i\nque aquest any no podrem celebrar el Dia del Llibre a la gran Diada de Sant\nJordi, som optimismes, perqu\u00e8 tots en tenim moltes ganes de celebrar-ho aix\u00ed\nque es pugui. I mentrestant podem seguir <strong>gaudint\ncada dia d\u2019un llibre<\/strong>.<\/p>\n","protected":false},"excerpt":{"rendered":"Cada any, per Sant Jordi, ens agrada comptar amb un autor internacional per tal que signi i faci una il\u00b7lustraci\u00f3 als vostres \u00e0lbums. \u00c9s un dels moments de l\u2019any que m\u00e9s ens estimem, perqu\u00e8 en l\u2019\u00e0mbit personal, tenim l\u2019oportunitat de [&hellip;]","protected":false},"author":47,"featured_media":43079,"comment_status":"open","ping_status":"open","sticky":false,"template":"","format":"standard","meta":{"_acf_changed":false,"_exactmetrics_skip_tracking":false,"_exactmetrics_sitenote_active":false,"_exactmetrics_sitenote_note":"","_exactmetrics_sitenote_category":0,"footnotes":""},"categories":[1252],"tags":[],"class_list":["post-43046","post","type-post","status-publish","format-standard","has-post-thumbnail","hentry","category-sant-jordi"],"acf":{"libros_enlazados":[40140,6256,6187,18923,24900]},"yoast_head":"<!-- This site is optimized with the Yoast SEO plugin v27.3 - https:\/\/yoast.com\/product\/yoast-seo-wordpress\/ -->\n<title>Cada dia \u00e9s Sant Jordi - Editorial Juventud<\/title>\n<meta name=\"description\" content=\"Cada any, per Sant Jordi, ens agrada comptar amb un autor internacional per tal que signi i faci una il\u00b7lustraci\u00f3 als vostres \u00e0lbums. \u00c9s un dels moments\" \/>\n<meta name=\"robots\" content=\"index, follow, max-snippet:-1, max-image-preview:large, max-video-preview:-1\" \/>\n<link rel=\"canonical\" href=\"https:\/\/www.editorialjuventud.es\/ca\/cada-dia-es-sant-jordi\/\" \/>\n<meta property=\"og:locale\" content=\"ca_ES\" \/>\n<meta property=\"og:type\" content=\"article\" \/>\n<meta property=\"og:title\" content=\"Cada dia \u00e9s Sant Jordi - Editorial Juventud\" \/>\n<meta property=\"og:description\" content=\"Cada any, per Sant Jordi, ens agrada comptar amb un autor internacional per tal que signi i faci una il\u00b7lustraci\u00f3 als vostres \u00e0lbums. \u00c9s un dels moments\" \/>\n<meta property=\"og:url\" content=\"https:\/\/www.editorialjuventud.es\/ca\/cada-dia-es-sant-jordi\/\" \/>\n<meta property=\"og:site_name\" content=\"Editorial Juventud\" \/>\n<meta property=\"article:published_time\" content=\"2020-07-21T10:17:20+00:00\" \/>\n<meta property=\"article:modified_time\" content=\"2020-07-21T10:23:20+00:00\" \/>\n<meta property=\"og:image\" content=\"https:\/\/www.editorialjuventud.es\/wp-content\/uploads\/banner_llibre_flors.jpg\" \/>\n\t<meta property=\"og:image:width\" content=\"1063\" \/>\n\t<meta property=\"og:image:height\" content=\"780\" \/>\n\t<meta property=\"og:image:type\" content=\"image\/jpeg\" \/>\n<meta name=\"author\" content=\"Elena Zendrera\" \/>\n<meta name=\"twitter:card\" content=\"summary_large_image\" \/>\n<meta name=\"twitter:label1\" content=\"Escrit per\" \/>\n\t<meta name=\"twitter:data1\" content=\"Elena Zendrera\" \/>\n\t<meta name=\"twitter:label2\" content=\"Temps estimat de lectura\" \/>\n\t<meta name=\"twitter:data2\" content=\"2 minuts\" \/>\n<script type=\"application\/ld+json\" class=\"yoast-schema-graph\">{\"@context\":\"https:\\\/\\\/schema.org\",\"@graph\":[{\"@type\":\"Article\",\"@id\":\"https:\\\/\\\/www.editorialjuventud.es\\\/ca\\\/cada-dia-es-sant-jordi\\\/#article\",\"isPartOf\":{\"@id\":\"https:\\\/\\\/www.editorialjuventud.es\\\/ca\\\/cada-dia-es-sant-jordi\\\/\"},\"author\":{\"name\":\"Elena Zendrera\",\"@id\":\"https:\\\/\\\/www.editorialjuventud.es\\\/#\\\/schema\\\/person\\\/11adb0e95c8cff9fce7b1d3acea1dc72\"},\"headline\":\"Cada dia \u00e9s Sant Jordi\",\"datePublished\":\"2020-07-21T10:17:20+00:00\",\"dateModified\":\"2020-07-21T10:23:20+00:00\",\"mainEntityOfPage\":{\"@id\":\"https:\\\/\\\/www.editorialjuventud.es\\\/ca\\\/cada-dia-es-sant-jordi\\\/\"},\"wordCount\":321,\"commentCount\":0,\"image\":{\"@id\":\"https:\\\/\\\/www.editorialjuventud.es\\\/ca\\\/cada-dia-es-sant-jordi\\\/#primaryimage\"},\"thumbnailUrl\":\"https:\\\/\\\/www.editorialjuventud.es\\\/wp-content\\\/uploads\\\/banner_llibre_flors.jpg\",\"articleSection\":[\"Sant Jordi\"],\"inLanguage\":\"ca\",\"potentialAction\":[{\"@type\":\"CommentAction\",\"name\":\"Comment\",\"target\":[\"https:\\\/\\\/www.editorialjuventud.es\\\/ca\\\/cada-dia-es-sant-jordi\\\/#respond\"]}]},{\"@type\":\"WebPage\",\"@id\":\"https:\\\/\\\/www.editorialjuventud.es\\\/ca\\\/cada-dia-es-sant-jordi\\\/\",\"url\":\"https:\\\/\\\/www.editorialjuventud.es\\\/ca\\\/cada-dia-es-sant-jordi\\\/\",\"name\":\"Cada dia \u00e9s Sant Jordi - Editorial Juventud\",\"isPartOf\":{\"@id\":\"https:\\\/\\\/www.editorialjuventud.es\\\/#website\"},\"primaryImageOfPage\":{\"@id\":\"https:\\\/\\\/www.editorialjuventud.es\\\/ca\\\/cada-dia-es-sant-jordi\\\/#primaryimage\"},\"image\":{\"@id\":\"https:\\\/\\\/www.editorialjuventud.es\\\/ca\\\/cada-dia-es-sant-jordi\\\/#primaryimage\"},\"thumbnailUrl\":\"https:\\\/\\\/www.editorialjuventud.es\\\/wp-content\\\/uploads\\\/banner_llibre_flors.jpg\",\"datePublished\":\"2020-07-21T10:17:20+00:00\",\"dateModified\":\"2020-07-21T10:23:20+00:00\",\"author\":{\"@id\":\"https:\\\/\\\/www.editorialjuventud.es\\\/#\\\/schema\\\/person\\\/11adb0e95c8cff9fce7b1d3acea1dc72\"},\"description\":\"Cada any, per Sant Jordi, ens agrada comptar amb un autor internacional per tal que signi i faci una il\u00b7lustraci\u00f3 als vostres \u00e0lbums. \u00c9s un dels moments\",\"breadcrumb\":{\"@id\":\"https:\\\/\\\/www.editorialjuventud.es\\\/ca\\\/cada-dia-es-sant-jordi\\\/#breadcrumb\"},\"inLanguage\":\"ca\",\"potentialAction\":[{\"@type\":\"ReadAction\",\"target\":[\"https:\\\/\\\/www.editorialjuventud.es\\\/ca\\\/cada-dia-es-sant-jordi\\\/\"]}]},{\"@type\":\"ImageObject\",\"inLanguage\":\"ca\",\"@id\":\"https:\\\/\\\/www.editorialjuventud.es\\\/ca\\\/cada-dia-es-sant-jordi\\\/#primaryimage\",\"url\":\"https:\\\/\\\/www.editorialjuventud.es\\\/wp-content\\\/uploads\\\/banner_llibre_flors.jpg\",\"contentUrl\":\"https:\\\/\\\/www.editorialjuventud.es\\\/wp-content\\\/uploads\\\/banner_llibre_flors.jpg\",\"width\":1063,\"height\":780},{\"@type\":\"BreadcrumbList\",\"@id\":\"https:\\\/\\\/www.editorialjuventud.es\\\/ca\\\/cada-dia-es-sant-jordi\\\/#breadcrumb\",\"itemListElement\":[{\"@type\":\"ListItem\",\"position\":1,\"name\":\"Portada\",\"item\":\"https:\\\/\\\/www.editorialjuventud.es\\\/\"},{\"@type\":\"ListItem\",\"position\":2,\"name\":\"Sant Jordi\",\"item\":\"https:\\\/\\\/www.editorialjuventud.es\\\/ca\\\/sant-jordi\\\/\"},{\"@type\":\"ListItem\",\"position\":3,\"name\":\"Cada dia \u00e9s Sant Jordi\"}]},{\"@type\":\"WebSite\",\"@id\":\"https:\\\/\\\/www.editorialjuventud.es\\\/#website\",\"url\":\"https:\\\/\\\/www.editorialjuventud.es\\\/\",\"name\":\"Editorial Juventud\",\"description\":\"\",\"potentialAction\":[{\"@type\":\"SearchAction\",\"target\":{\"@type\":\"EntryPoint\",\"urlTemplate\":\"https:\\\/\\\/www.editorialjuventud.es\\\/?s={search_term_string}\"},\"query-input\":{\"@type\":\"PropertyValueSpecification\",\"valueRequired\":true,\"valueName\":\"search_term_string\"}}],\"inLanguage\":\"ca\"},{\"@type\":\"Person\",\"@id\":\"https:\\\/\\\/www.editorialjuventud.es\\\/#\\\/schema\\\/person\\\/11adb0e95c8cff9fce7b1d3acea1dc72\",\"name\":\"Elena Zendrera\",\"image\":{\"@type\":\"ImageObject\",\"inLanguage\":\"ca\",\"@id\":\"https:\\\/\\\/secure.gravatar.com\\\/avatar\\\/59be7267a2e960543eb55b531466a56ae5897cdf23be62405fc73cccf0d39145?s=96&d=mm&r=g\",\"url\":\"https:\\\/\\\/secure.gravatar.com\\\/avatar\\\/59be7267a2e960543eb55b531466a56ae5897cdf23be62405fc73cccf0d39145?s=96&d=mm&r=g\",\"contentUrl\":\"https:\\\/\\\/secure.gravatar.com\\\/avatar\\\/59be7267a2e960543eb55b531466a56ae5897cdf23be62405fc73cccf0d39145?s=96&d=mm&r=g\",\"caption\":\"Elena Zendrera\"}}]}<\/script>\n<!-- \/ Yoast SEO plugin. -->","yoast_head_json":{"title":"Cada dia \u00e9s Sant Jordi - Editorial Juventud","description":"Cada any, per Sant Jordi, ens agrada comptar amb un autor internacional per tal que signi i faci una il\u00b7lustraci\u00f3 als vostres \u00e0lbums. \u00c9s un dels moments","robots":{"index":"index","follow":"follow","max-snippet":"max-snippet:-1","max-image-preview":"max-image-preview:large","max-video-preview":"max-video-preview:-1"},"canonical":"https:\/\/www.editorialjuventud.es\/ca\/cada-dia-es-sant-jordi\/","og_locale":"ca_ES","og_type":"article","og_title":"Cada dia \u00e9s Sant Jordi - Editorial Juventud","og_description":"Cada any, per Sant Jordi, ens agrada comptar amb un autor internacional per tal que signi i faci una il\u00b7lustraci\u00f3 als vostres \u00e0lbums. \u00c9s un dels moments","og_url":"https:\/\/www.editorialjuventud.es\/ca\/cada-dia-es-sant-jordi\/","og_site_name":"Editorial Juventud","article_published_time":"2020-07-21T10:17:20+00:00","article_modified_time":"2020-07-21T10:23:20+00:00","og_image":[{"width":1063,"height":780,"url":"https:\/\/www.editorialjuventud.es\/wp-content\/uploads\/banner_llibre_flors.jpg","type":"image\/jpeg"}],"author":"Elena Zendrera","twitter_card":"summary_large_image","twitter_misc":{"Escrit per":"Elena Zendrera","Temps estimat de lectura":"2 minuts"},"schema":{"@context":"https:\/\/schema.org","@graph":[{"@type":"Article","@id":"https:\/\/www.editorialjuventud.es\/ca\/cada-dia-es-sant-jordi\/#article","isPartOf":{"@id":"https:\/\/www.editorialjuventud.es\/ca\/cada-dia-es-sant-jordi\/"},"author":{"name":"Elena Zendrera","@id":"https:\/\/www.editorialjuventud.es\/#\/schema\/person\/11adb0e95c8cff9fce7b1d3acea1dc72"},"headline":"Cada dia \u00e9s Sant Jordi","datePublished":"2020-07-21T10:17:20+00:00","dateModified":"2020-07-21T10:23:20+00:00","mainEntityOfPage":{"@id":"https:\/\/www.editorialjuventud.es\/ca\/cada-dia-es-sant-jordi\/"},"wordCount":321,"commentCount":0,"image":{"@id":"https:\/\/www.editorialjuventud.es\/ca\/cada-dia-es-sant-jordi\/#primaryimage"},"thumbnailUrl":"https:\/\/www.editorialjuventud.es\/wp-content\/uploads\/banner_llibre_flors.jpg","articleSection":["Sant Jordi"],"inLanguage":"ca","potentialAction":[{"@type":"CommentAction","name":"Comment","target":["https:\/\/www.editorialjuventud.es\/ca\/cada-dia-es-sant-jordi\/#respond"]}]},{"@type":"WebPage","@id":"https:\/\/www.editorialjuventud.es\/ca\/cada-dia-es-sant-jordi\/","url":"https:\/\/www.editorialjuventud.es\/ca\/cada-dia-es-sant-jordi\/","name":"Cada dia \u00e9s Sant Jordi - Editorial Juventud","isPartOf":{"@id":"https:\/\/www.editorialjuventud.es\/#website"},"primaryImageOfPage":{"@id":"https:\/\/www.editorialjuventud.es\/ca\/cada-dia-es-sant-jordi\/#primaryimage"},"image":{"@id":"https:\/\/www.editorialjuventud.es\/ca\/cada-dia-es-sant-jordi\/#primaryimage"},"thumbnailUrl":"https:\/\/www.editorialjuventud.es\/wp-content\/uploads\/banner_llibre_flors.jpg","datePublished":"2020-07-21T10:17:20+00:00","dateModified":"2020-07-21T10:23:20+00:00","author":{"@id":"https:\/\/www.editorialjuventud.es\/#\/schema\/person\/11adb0e95c8cff9fce7b1d3acea1dc72"},"description":"Cada any, per Sant Jordi, ens agrada comptar amb un autor internacional per tal que signi i faci una il\u00b7lustraci\u00f3 als vostres \u00e0lbums. \u00c9s un dels moments","breadcrumb":{"@id":"https:\/\/www.editorialjuventud.es\/ca\/cada-dia-es-sant-jordi\/#breadcrumb"},"inLanguage":"ca","potentialAction":[{"@type":"ReadAction","target":["https:\/\/www.editorialjuventud.es\/ca\/cada-dia-es-sant-jordi\/"]}]},{"@type":"ImageObject","inLanguage":"ca","@id":"https:\/\/www.editorialjuventud.es\/ca\/cada-dia-es-sant-jordi\/#primaryimage","url":"https:\/\/www.editorialjuventud.es\/wp-content\/uploads\/banner_llibre_flors.jpg","contentUrl":"https:\/\/www.editorialjuventud.es\/wp-content\/uploads\/banner_llibre_flors.jpg","width":1063,"height":780},{"@type":"BreadcrumbList","@id":"https:\/\/www.editorialjuventud.es\/ca\/cada-dia-es-sant-jordi\/#breadcrumb","itemListElement":[{"@type":"ListItem","position":1,"name":"Portada","item":"https:\/\/www.editorialjuventud.es\/"},{"@type":"ListItem","position":2,"name":"Sant Jordi","item":"https:\/\/www.editorialjuventud.es\/ca\/sant-jordi\/"},{"@type":"ListItem","position":3,"name":"Cada dia \u00e9s Sant Jordi"}]},{"@type":"WebSite","@id":"https:\/\/www.editorialjuventud.es\/#website","url":"https:\/\/www.editorialjuventud.es\/","name":"Editorial Juventud","description":"","potentialAction":[{"@type":"SearchAction","target":{"@type":"EntryPoint","urlTemplate":"https:\/\/www.editorialjuventud.es\/?s={search_term_string}"},"query-input":{"@type":"PropertyValueSpecification","valueRequired":true,"valueName":"search_term_string"}}],"inLanguage":"ca"},{"@type":"Person","@id":"https:\/\/www.editorialjuventud.es\/#\/schema\/person\/11adb0e95c8cff9fce7b1d3acea1dc72","name":"Elena Zendrera","image":{"@type":"ImageObject","inLanguage":"ca","@id":"https:\/\/secure.gravatar.com\/avatar\/59be7267a2e960543eb55b531466a56ae5897cdf23be62405fc73cccf0d39145?s=96&d=mm&r=g","url":"https:\/\/secure.gravatar.com\/avatar\/59be7267a2e960543eb55b531466a56ae5897cdf23be62405fc73cccf0d39145?s=96&d=mm&r=g","contentUrl":"https:\/\/secure.gravatar.com\/avatar\/59be7267a2e960543eb55b531466a56ae5897cdf23be62405fc73cccf0d39145?s=96&d=mm&r=g","caption":"Elena Zendrera"}}]}},"_links":{"self":[{"href":"https:\/\/www.editorialjuventud.es\/ca\/wp-json\/wp\/v2\/posts\/43046","targetHints":{"allow":["GET"]}}],"collection":[{"href":"https:\/\/www.editorialjuventud.es\/ca\/wp-json\/wp\/v2\/posts"}],"about":[{"href":"https:\/\/www.editorialjuventud.es\/ca\/wp-json\/wp\/v2\/types\/post"}],"author":[{"embeddable":true,"href":"https:\/\/www.editorialjuventud.es\/ca\/wp-json\/wp\/v2\/users\/47"}],"replies":[{"embeddable":true,"href":"https:\/\/www.editorialjuventud.es\/ca\/wp-json\/wp\/v2\/comments?post=43046"}],"version-history":[{"count":7,"href":"https:\/\/www.editorialjuventud.es\/ca\/wp-json\/wp\/v2\/posts\/43046\/revisions"}],"predecessor-version":[{"id":43078,"href":"https:\/\/www.editorialjuventud.es\/ca\/wp-json\/wp\/v2\/posts\/43046\/revisions\/43078"}],"wp:featuredmedia":[{"embeddable":true,"href":"https:\/\/www.editorialjuventud.es\/ca\/wp-json\/wp\/v2\/media\/43079"}],"wp:attachment":[{"href":"https:\/\/www.editorialjuventud.es\/ca\/wp-json\/wp\/v2\/media?parent=43046"}],"wp:term":[{"taxonomy":"category","embeddable":true,"href":"https:\/\/www.editorialjuventud.es\/ca\/wp-json\/wp\/v2\/categories?post=43046"},{"taxonomy":"post_tag","embeddable":true,"href":"https:\/\/www.editorialjuventud.es\/ca\/wp-json\/wp\/v2\/tags?post=43046"}],"curies":[{"name":"wp","href":"https:\/\/api.w.org\/{rel}","templated":true}]}}