{"id":34691,"date":"2019-11-26T12:35:52","date_gmt":"2019-11-26T11:35:52","guid":{"rendered":"http:\/\/www.editorialjuventud.es\/?p=34691"},"modified":"2019-11-29T11:08:35","modified_gmt":"2019-11-29T10:08:35","slug":"petits-gestos-per-a-salvar-el-mon","status":"publish","type":"post","link":"https:\/\/www.editorialjuventud.es\/ca\/petits-gestos-per-a-salvar-el-mon\/","title":{"rendered":"Petits gestos per a salvar el m\u00f3n"},"content":{"rendered":"\n<p>La pr\u00f2xima setmana, del 2 al 13 de desembre, tindr\u00e0 lloc a Madrid una de les cites m\u00e9s importants a escala mundial per tractar el problema del canvi clim\u00e0tic, el <strong><a href=\"https:\/\/www.un.org\/es\/climatechange\/\">Congr\u00e9s Nacional de Medi Ambient<\/a><\/strong>. Aquesta reuni\u00f3, tamb\u00e9 coneguda com la Cimera sobre l\u2019Acci\u00f3 Clim\u00e0tica, suposa l\u2019arribada a Madrid de 8.000 persones acreditades, 500 organitzacions socials i m\u00e9s d\u2019un centenar d\u2019empreses. Tots els ulls estaran posats en la ciutat:<\/p>\n\n\n\n<p>Tot i que ja s\u2019ha celebrat en altres ocasions, aquest any sembla que els mitjans la tinguin en m\u00e9s consideraci\u00f3 per la pres\u00e8ncia d\u2019una convidada molt especial. Parlem de <strong>Greta Thunberg<\/strong>. Si no fos per ella, aquest congr\u00e9s potser passaria desapercebut, i quedaria com una reuni\u00f3 m\u00e9s entre mandataris que aviat tothom oblidaria. Sens dubte ella ha marcat un abans i un despr\u00e9s en la lluita contra en canvi clim\u00e0tic, ha interpel\u00b7lat joves i adults, ha plantat la llavor de l\u2019esperan\u00e7a per un m\u00f3n millor que tot just ara comen\u00e7a a florir. <\/p>\n\n\n\n<div style=\"height:20px\" aria-hidden=\"true\" class=\"wp-block-spacer\"><\/div>\n\n\n\n<figure class=\"wp-block-image\"><img loading=\"lazy\" decoding=\"async\" width=\"4200\" height=\"2821\" src=\"https:\/\/www.editorialjuventud.es\/wp-content\/uploads\/00_CAT.jpg\" alt=\"\" class=\"wp-image-34692\" srcset=\"https:\/\/www.editorialjuventud.es\/wp-content\/uploads\/00_CAT.jpg 4200w, https:\/\/www.editorialjuventud.es\/wp-content\/uploads\/00_CAT-768x516.jpg 768w, https:\/\/www.editorialjuventud.es\/wp-content\/uploads\/00_CAT-350x235.jpg 350w, https:\/\/www.editorialjuventud.es\/wp-content\/uploads\/00_CAT-900x605.jpg 900w\" sizes=\"auto, (max-width: 4200px) 100vw, 4200px\" \/><\/figure>\n\n\n\n<div style=\"height:20px\" aria-hidden=\"true\" class=\"wp-block-spacer\"><\/div>\n\n\n\n<p>\n\n\n\n\n\n\n\n\n\n\n\n\n\n\n\n\n\nDe la\nmateixa manera que la Malala, aquesta jove t\u00e9 un important missatge que cal\ndifondre tant com ens sigui possible, en especial entre aquells que s\u00f3n el\nnostre futur: els nens. El mar\u00e7 del 2020 veur\u00e0 la llum l\u2019\u00e0lbum <em>Greta<\/em>, de Jeanette Winter, un \u00e0lbum que\nvol empoderar els joves i que ens anima a passar a l\u2019acci\u00f3. El planeta ho\nnecessita! \n\n\n\n<\/p>\n\n\n\n<div style=\"height:20px\" aria-hidden=\"true\" class=\"wp-block-spacer\"><\/div>\n\n\n\n<figure class=\"wp-block-image\"><img loading=\"lazy\" decoding=\"async\" width=\"1100\" height=\"740\" src=\"https:\/\/www.editorialjuventud.es\/wp-content\/uploads\/output_TUfvfd.gif\" alt=\"\" class=\"wp-image-34694\"\/><\/figure>\n\n\n\n<div style=\"height:20px\" aria-hidden=\"true\" class=\"wp-block-spacer\"><\/div>\n\n\n\n<p>Esperem de la Greta un discurs impactant en la Cimera, que perduri en el temps, i que remogui les consci\u00e8ncies d\u2019alguns sectors industrials encara impermeables als avisos d\u2019alerta. A l\u2019\u00e0lbum coneixereu la seva hist\u00f2ria, i com va passar de fer vaga tota sola davant del Parlament suec a liderar els \u201cdivendres pel clima\u201d. <\/p>\n\n\n\n<div style=\"height:20px\" aria-hidden=\"true\" class=\"wp-block-spacer\"><\/div>\n\n\n\n<figure class=\"wp-block-image\"><img loading=\"lazy\" decoding=\"async\" width=\"4200\" height=\"2821\" src=\"https:\/\/www.editorialjuventud.es\/wp-content\/uploads\/00_CAT-1.jpg\" alt=\"\" class=\"wp-image-34696\" srcset=\"https:\/\/www.editorialjuventud.es\/wp-content\/uploads\/00_CAT-1.jpg 4200w, https:\/\/www.editorialjuventud.es\/wp-content\/uploads\/00_CAT-1-768x516.jpg 768w, https:\/\/www.editorialjuventud.es\/wp-content\/uploads\/00_CAT-1-350x235.jpg 350w, https:\/\/www.editorialjuventud.es\/wp-content\/uploads\/00_CAT-1-900x605.jpg 900w\" sizes=\"auto, (max-width: 4200px) 100vw, 4200px\" \/><\/figure>\n\n\n\n<div style=\"height:20px\" aria-hidden=\"true\" class=\"wp-block-spacer\"><\/div>\n\n\n\n<p>Una de les novetats que ens deixa aquest 2019 que de ben segur li agradaria a la Greta \u00e9s <em><a href=\"https:\/\/www.editorialjuventud.es\/ca\/rescat-planeta-9788426145703\/\">Rescat planeta<\/a><\/em>. Del mateix autor de <em><a href=\"https:\/\/www.editorialjuventud.es\/ca\/rescat-animal-9788426143396\/\">Rescat animal<\/a><\/em>, Patrick George, el llibre ens mostra alguns gestos que podem fer pel b\u00e9 del planeta. Passant una l\u00e0mina transparent aconseguim petites vict\u00f2ries mediambientals: reciclar les ampolles de pl\u00e0stic i donar-los una segona vida; fer \u00fas de la bicicleta en comptes del cotxe per reduir la contaminaci\u00f3&#8230;<\/p>\n\n\n\n<div style=\"height:20px\" aria-hidden=\"true\" class=\"wp-block-spacer\"><\/div>\n\n\n\n<figure class=\"wp-block-image\"><img loading=\"lazy\" decoding=\"async\" width=\"4200\" height=\"2821\" src=\"https:\/\/www.editorialjuventud.es\/wp-content\/uploads\/Nin\u0303os-1.jpg\" alt=\"\" class=\"wp-image-34748\" srcset=\"https:\/\/www.editorialjuventud.es\/wp-content\/uploads\/Nin\u0303os-1.jpg 4200w, https:\/\/www.editorialjuventud.es\/wp-content\/uploads\/Nin\u0303os-1-768x516.jpg 768w, https:\/\/www.editorialjuventud.es\/wp-content\/uploads\/Nin\u0303os-1-350x235.jpg 350w, https:\/\/www.editorialjuventud.es\/wp-content\/uploads\/Nin\u0303os-1-900x605.jpg 900w\" sizes=\"auto, (max-width: 4200px) 100vw, 4200px\" \/><\/figure>\n\n\n\n<div style=\"height:20px\" aria-hidden=\"true\" class=\"wp-block-spacer\"><\/div>\n\n\n\n<p>No cal sortir de\ncasa per aportar el nostre granet de sorra per aconseguir un m\u00f3n m\u00e9s\nsostenible: pots quedar-te llegint a casa fent \u00fas de la llum natural o\natrevir-te a cantar fora de la dutxa per estalviar aigua. <strong>Tot suma.<\/strong> I, recordeu, com diu la Greta: \u201cNing\u00fa \u00e9s massa petit per\ncanviar les coses\u201d .<\/p>\n","protected":false},"excerpt":{"rendered":"La pr\u00f2xima setmana, del 2 al 13 de desembre, tindr\u00e0 lloc a Madrid una de les cites m\u00e9s importants a escala mundial per tractar el problema del canvi clim\u00e0tic, el Congr\u00e9s Nacional de Medi Ambient. Aquesta reuni\u00f3, tamb\u00e9 coneguda com [&hellip;]","protected":false},"author":50,"featured_media":34699,"comment_status":"open","ping_status":"open","sticky":false,"template":"","format":"standard","meta":{"_acf_changed":false,"_exactmetrics_skip_tracking":false,"_exactmetrics_sitenote_active":false,"_exactmetrics_sitenote_note":"","_exactmetrics_sitenote_category":0,"footnotes":""},"categories":[1309,622],"tags":[],"class_list":["post-34691","post","type-post","status-publish","format-standard","has-post-thumbnail","hentry","category-ecologia-2","category-uncategorized-ca"],"acf":{"libros_enlazados":""},"yoast_head":"<!-- This site is optimized with the Yoast SEO plugin v27.3 - https:\/\/yoast.com\/product\/yoast-seo-wordpress\/ -->\n<title>Petits gestos per a salvar el m\u00f3n - Editorial Juventud<\/title>\n<meta name=\"description\" content=\"La pr\u00f2xima setmana, del 2 al 13 de desembre, tindr\u00e0 lloc a Madrid una de les cites m\u00e9s importants a escala mundial per tractar el problema del canvi\" \/>\n<meta name=\"robots\" content=\"index, follow, max-snippet:-1, max-image-preview:large, max-video-preview:-1\" \/>\n<link rel=\"canonical\" href=\"https:\/\/www.editorialjuventud.es\/ca\/petits-gestos-per-a-salvar-el-mon\/\" \/>\n<meta property=\"og:locale\" content=\"ca_ES\" \/>\n<meta property=\"og:type\" content=\"article\" \/>\n<meta property=\"og:title\" content=\"Petits gestos per a salvar el m\u00f3n - Editorial Juventud\" \/>\n<meta property=\"og:description\" content=\"La pr\u00f2xima setmana, del 2 al 13 de desembre, tindr\u00e0 lloc a Madrid una de les cites m\u00e9s importants a escala mundial per tractar el problema del canvi\" \/>\n<meta property=\"og:url\" content=\"https:\/\/www.editorialjuventud.es\/ca\/petits-gestos-per-a-salvar-el-mon\/\" \/>\n<meta property=\"og:site_name\" content=\"Editorial Juventud\" \/>\n<meta property=\"article:published_time\" content=\"2019-11-26T11:35:52+00:00\" \/>\n<meta property=\"article:modified_time\" content=\"2019-11-29T10:08:35+00:00\" \/>\n<meta property=\"og:image\" content=\"https:\/\/www.editorialjuventud.es\/wp-content\/uploads\/PortadaBloc_CAT.jpg\" \/>\n\t<meta property=\"og:image:width\" content=\"2944\" \/>\n\t<meta property=\"og:image:height\" content=\"1969\" \/>\n\t<meta property=\"og:image:type\" content=\"image\/jpeg\" \/>\n<meta name=\"author\" content=\"Laie Pradas\" \/>\n<meta name=\"twitter:card\" content=\"summary_large_image\" \/>\n<meta name=\"twitter:label1\" content=\"Escrit per\" \/>\n\t<meta name=\"twitter:data1\" content=\"Laie Pradas\" \/>\n\t<meta name=\"twitter:label2\" content=\"Temps estimat de lectura\" \/>\n\t<meta name=\"twitter:data2\" content=\"2 minuts\" \/>\n<script type=\"application\/ld+json\" class=\"yoast-schema-graph\">{\"@context\":\"https:\\\/\\\/schema.org\",\"@graph\":[{\"@type\":\"Article\",\"@id\":\"https:\\\/\\\/www.editorialjuventud.es\\\/ca\\\/petits-gestos-per-a-salvar-el-mon\\\/#article\",\"isPartOf\":{\"@id\":\"https:\\\/\\\/www.editorialjuventud.es\\\/ca\\\/petits-gestos-per-a-salvar-el-mon\\\/\"},\"author\":{\"name\":\"Laie Pradas\",\"@id\":\"https:\\\/\\\/www.editorialjuventud.es\\\/#\\\/schema\\\/person\\\/97152caedc414c09143f09618b59ce68\"},\"headline\":\"Petits gestos per a salvar el m\u00f3n\",\"datePublished\":\"2019-11-26T11:35:52+00:00\",\"dateModified\":\"2019-11-29T10:08:35+00:00\",\"mainEntityOfPage\":{\"@id\":\"https:\\\/\\\/www.editorialjuventud.es\\\/ca\\\/petits-gestos-per-a-salvar-el-mon\\\/\"},\"wordCount\":444,\"commentCount\":0,\"image\":{\"@id\":\"https:\\\/\\\/www.editorialjuventud.es\\\/ca\\\/petits-gestos-per-a-salvar-el-mon\\\/#primaryimage\"},\"thumbnailUrl\":\"https:\\\/\\\/www.editorialjuventud.es\\\/wp-content\\\/uploads\\\/PortadaBloc_CAT.jpg\",\"articleSection\":[\"ECOLOGIA\",\"Uncategorized @ca\"],\"inLanguage\":\"ca\",\"potentialAction\":[{\"@type\":\"CommentAction\",\"name\":\"Comment\",\"target\":[\"https:\\\/\\\/www.editorialjuventud.es\\\/ca\\\/petits-gestos-per-a-salvar-el-mon\\\/#respond\"]}]},{\"@type\":\"WebPage\",\"@id\":\"https:\\\/\\\/www.editorialjuventud.es\\\/ca\\\/petits-gestos-per-a-salvar-el-mon\\\/\",\"url\":\"https:\\\/\\\/www.editorialjuventud.es\\\/ca\\\/petits-gestos-per-a-salvar-el-mon\\\/\",\"name\":\"Petits gestos per a salvar el m\u00f3n - Editorial Juventud\",\"isPartOf\":{\"@id\":\"https:\\\/\\\/www.editorialjuventud.es\\\/#website\"},\"primaryImageOfPage\":{\"@id\":\"https:\\\/\\\/www.editorialjuventud.es\\\/ca\\\/petits-gestos-per-a-salvar-el-mon\\\/#primaryimage\"},\"image\":{\"@id\":\"https:\\\/\\\/www.editorialjuventud.es\\\/ca\\\/petits-gestos-per-a-salvar-el-mon\\\/#primaryimage\"},\"thumbnailUrl\":\"https:\\\/\\\/www.editorialjuventud.es\\\/wp-content\\\/uploads\\\/PortadaBloc_CAT.jpg\",\"datePublished\":\"2019-11-26T11:35:52+00:00\",\"dateModified\":\"2019-11-29T10:08:35+00:00\",\"author\":{\"@id\":\"https:\\\/\\\/www.editorialjuventud.es\\\/#\\\/schema\\\/person\\\/97152caedc414c09143f09618b59ce68\"},\"description\":\"La pr\u00f2xima setmana, del 2 al 13 de desembre, tindr\u00e0 lloc a Madrid una de les cites m\u00e9s importants a escala mundial per tractar el problema del canvi\",\"breadcrumb\":{\"@id\":\"https:\\\/\\\/www.editorialjuventud.es\\\/ca\\\/petits-gestos-per-a-salvar-el-mon\\\/#breadcrumb\"},\"inLanguage\":\"ca\",\"potentialAction\":[{\"@type\":\"ReadAction\",\"target\":[\"https:\\\/\\\/www.editorialjuventud.es\\\/ca\\\/petits-gestos-per-a-salvar-el-mon\\\/\"]}]},{\"@type\":\"ImageObject\",\"inLanguage\":\"ca\",\"@id\":\"https:\\\/\\\/www.editorialjuventud.es\\\/ca\\\/petits-gestos-per-a-salvar-el-mon\\\/#primaryimage\",\"url\":\"https:\\\/\\\/www.editorialjuventud.es\\\/wp-content\\\/uploads\\\/PortadaBloc_CAT.jpg\",\"contentUrl\":\"https:\\\/\\\/www.editorialjuventud.es\\\/wp-content\\\/uploads\\\/PortadaBloc_CAT.jpg\",\"width\":2944,\"height\":1969},{\"@type\":\"BreadcrumbList\",\"@id\":\"https:\\\/\\\/www.editorialjuventud.es\\\/ca\\\/petits-gestos-per-a-salvar-el-mon\\\/#breadcrumb\",\"itemListElement\":[{\"@type\":\"ListItem\",\"position\":1,\"name\":\"Portada\",\"item\":\"https:\\\/\\\/www.editorialjuventud.es\\\/\"},{\"@type\":\"ListItem\",\"position\":2,\"name\":\"ECOLOGIA\",\"item\":\"https:\\\/\\\/www.editorialjuventud.es\\\/ca\\\/ecologia-2\\\/\"},{\"@type\":\"ListItem\",\"position\":3,\"name\":\"Petits gestos per a salvar el m\u00f3n\"}]},{\"@type\":\"WebSite\",\"@id\":\"https:\\\/\\\/www.editorialjuventud.es\\\/#website\",\"url\":\"https:\\\/\\\/www.editorialjuventud.es\\\/\",\"name\":\"Editorial Juventud\",\"description\":\"\",\"potentialAction\":[{\"@type\":\"SearchAction\",\"target\":{\"@type\":\"EntryPoint\",\"urlTemplate\":\"https:\\\/\\\/www.editorialjuventud.es\\\/?s={search_term_string}\"},\"query-input\":{\"@type\":\"PropertyValueSpecification\",\"valueRequired\":true,\"valueName\":\"search_term_string\"}}],\"inLanguage\":\"ca\"},{\"@type\":\"Person\",\"@id\":\"https:\\\/\\\/www.editorialjuventud.es\\\/#\\\/schema\\\/person\\\/97152caedc414c09143f09618b59ce68\",\"name\":\"Laie Pradas\",\"image\":{\"@type\":\"ImageObject\",\"inLanguage\":\"ca\",\"@id\":\"https:\\\/\\\/secure.gravatar.com\\\/avatar\\\/2702aef70815ccc9ca61ea5a3a8dbda5b91b509d670fa66f04bd502c697d6a67?s=96&d=mm&r=g\",\"url\":\"https:\\\/\\\/secure.gravatar.com\\\/avatar\\\/2702aef70815ccc9ca61ea5a3a8dbda5b91b509d670fa66f04bd502c697d6a67?s=96&d=mm&r=g\",\"contentUrl\":\"https:\\\/\\\/secure.gravatar.com\\\/avatar\\\/2702aef70815ccc9ca61ea5a3a8dbda5b91b509d670fa66f04bd502c697d6a67?s=96&d=mm&r=g\",\"caption\":\"Laie Pradas\"}}]}<\/script>\n<!-- \/ Yoast SEO plugin. -->","yoast_head_json":{"title":"Petits gestos per a salvar el m\u00f3n - Editorial Juventud","description":"La pr\u00f2xima setmana, del 2 al 13 de desembre, tindr\u00e0 lloc a Madrid una de les cites m\u00e9s importants a escala mundial per tractar el problema del canvi","robots":{"index":"index","follow":"follow","max-snippet":"max-snippet:-1","max-image-preview":"max-image-preview:large","max-video-preview":"max-video-preview:-1"},"canonical":"https:\/\/www.editorialjuventud.es\/ca\/petits-gestos-per-a-salvar-el-mon\/","og_locale":"ca_ES","og_type":"article","og_title":"Petits gestos per a salvar el m\u00f3n - Editorial Juventud","og_description":"La pr\u00f2xima setmana, del 2 al 13 de desembre, tindr\u00e0 lloc a Madrid una de les cites m\u00e9s importants a escala mundial per tractar el problema del canvi","og_url":"https:\/\/www.editorialjuventud.es\/ca\/petits-gestos-per-a-salvar-el-mon\/","og_site_name":"Editorial Juventud","article_published_time":"2019-11-26T11:35:52+00:00","article_modified_time":"2019-11-29T10:08:35+00:00","og_image":[{"width":2944,"height":1969,"url":"https:\/\/www.editorialjuventud.es\/wp-content\/uploads\/PortadaBloc_CAT.jpg","type":"image\/jpeg"}],"author":"Laie Pradas","twitter_card":"summary_large_image","twitter_misc":{"Escrit per":"Laie Pradas","Temps estimat de lectura":"2 minuts"},"schema":{"@context":"https:\/\/schema.org","@graph":[{"@type":"Article","@id":"https:\/\/www.editorialjuventud.es\/ca\/petits-gestos-per-a-salvar-el-mon\/#article","isPartOf":{"@id":"https:\/\/www.editorialjuventud.es\/ca\/petits-gestos-per-a-salvar-el-mon\/"},"author":{"name":"Laie Pradas","@id":"https:\/\/www.editorialjuventud.es\/#\/schema\/person\/97152caedc414c09143f09618b59ce68"},"headline":"Petits gestos per a salvar el m\u00f3n","datePublished":"2019-11-26T11:35:52+00:00","dateModified":"2019-11-29T10:08:35+00:00","mainEntityOfPage":{"@id":"https:\/\/www.editorialjuventud.es\/ca\/petits-gestos-per-a-salvar-el-mon\/"},"wordCount":444,"commentCount":0,"image":{"@id":"https:\/\/www.editorialjuventud.es\/ca\/petits-gestos-per-a-salvar-el-mon\/#primaryimage"},"thumbnailUrl":"https:\/\/www.editorialjuventud.es\/wp-content\/uploads\/PortadaBloc_CAT.jpg","articleSection":["ECOLOGIA","Uncategorized @ca"],"inLanguage":"ca","potentialAction":[{"@type":"CommentAction","name":"Comment","target":["https:\/\/www.editorialjuventud.es\/ca\/petits-gestos-per-a-salvar-el-mon\/#respond"]}]},{"@type":"WebPage","@id":"https:\/\/www.editorialjuventud.es\/ca\/petits-gestos-per-a-salvar-el-mon\/","url":"https:\/\/www.editorialjuventud.es\/ca\/petits-gestos-per-a-salvar-el-mon\/","name":"Petits gestos per a salvar el m\u00f3n - Editorial Juventud","isPartOf":{"@id":"https:\/\/www.editorialjuventud.es\/#website"},"primaryImageOfPage":{"@id":"https:\/\/www.editorialjuventud.es\/ca\/petits-gestos-per-a-salvar-el-mon\/#primaryimage"},"image":{"@id":"https:\/\/www.editorialjuventud.es\/ca\/petits-gestos-per-a-salvar-el-mon\/#primaryimage"},"thumbnailUrl":"https:\/\/www.editorialjuventud.es\/wp-content\/uploads\/PortadaBloc_CAT.jpg","datePublished":"2019-11-26T11:35:52+00:00","dateModified":"2019-11-29T10:08:35+00:00","author":{"@id":"https:\/\/www.editorialjuventud.es\/#\/schema\/person\/97152caedc414c09143f09618b59ce68"},"description":"La pr\u00f2xima setmana, del 2 al 13 de desembre, tindr\u00e0 lloc a Madrid una de les cites m\u00e9s importants a escala mundial per tractar el problema del canvi","breadcrumb":{"@id":"https:\/\/www.editorialjuventud.es\/ca\/petits-gestos-per-a-salvar-el-mon\/#breadcrumb"},"inLanguage":"ca","potentialAction":[{"@type":"ReadAction","target":["https:\/\/www.editorialjuventud.es\/ca\/petits-gestos-per-a-salvar-el-mon\/"]}]},{"@type":"ImageObject","inLanguage":"ca","@id":"https:\/\/www.editorialjuventud.es\/ca\/petits-gestos-per-a-salvar-el-mon\/#primaryimage","url":"https:\/\/www.editorialjuventud.es\/wp-content\/uploads\/PortadaBloc_CAT.jpg","contentUrl":"https:\/\/www.editorialjuventud.es\/wp-content\/uploads\/PortadaBloc_CAT.jpg","width":2944,"height":1969},{"@type":"BreadcrumbList","@id":"https:\/\/www.editorialjuventud.es\/ca\/petits-gestos-per-a-salvar-el-mon\/#breadcrumb","itemListElement":[{"@type":"ListItem","position":1,"name":"Portada","item":"https:\/\/www.editorialjuventud.es\/"},{"@type":"ListItem","position":2,"name":"ECOLOGIA","item":"https:\/\/www.editorialjuventud.es\/ca\/ecologia-2\/"},{"@type":"ListItem","position":3,"name":"Petits gestos per a salvar el m\u00f3n"}]},{"@type":"WebSite","@id":"https:\/\/www.editorialjuventud.es\/#website","url":"https:\/\/www.editorialjuventud.es\/","name":"Editorial Juventud","description":"","potentialAction":[{"@type":"SearchAction","target":{"@type":"EntryPoint","urlTemplate":"https:\/\/www.editorialjuventud.es\/?s={search_term_string}"},"query-input":{"@type":"PropertyValueSpecification","valueRequired":true,"valueName":"search_term_string"}}],"inLanguage":"ca"},{"@type":"Person","@id":"https:\/\/www.editorialjuventud.es\/#\/schema\/person\/97152caedc414c09143f09618b59ce68","name":"Laie Pradas","image":{"@type":"ImageObject","inLanguage":"ca","@id":"https:\/\/secure.gravatar.com\/avatar\/2702aef70815ccc9ca61ea5a3a8dbda5b91b509d670fa66f04bd502c697d6a67?s=96&d=mm&r=g","url":"https:\/\/secure.gravatar.com\/avatar\/2702aef70815ccc9ca61ea5a3a8dbda5b91b509d670fa66f04bd502c697d6a67?s=96&d=mm&r=g","contentUrl":"https:\/\/secure.gravatar.com\/avatar\/2702aef70815ccc9ca61ea5a3a8dbda5b91b509d670fa66f04bd502c697d6a67?s=96&d=mm&r=g","caption":"Laie Pradas"}}]}},"_links":{"self":[{"href":"https:\/\/www.editorialjuventud.es\/ca\/wp-json\/wp\/v2\/posts\/34691","targetHints":{"allow":["GET"]}}],"collection":[{"href":"https:\/\/www.editorialjuventud.es\/ca\/wp-json\/wp\/v2\/posts"}],"about":[{"href":"https:\/\/www.editorialjuventud.es\/ca\/wp-json\/wp\/v2\/types\/post"}],"author":[{"embeddable":true,"href":"https:\/\/www.editorialjuventud.es\/ca\/wp-json\/wp\/v2\/users\/50"}],"replies":[{"embeddable":true,"href":"https:\/\/www.editorialjuventud.es\/ca\/wp-json\/wp\/v2\/comments?post=34691"}],"version-history":[{"count":3,"href":"https:\/\/www.editorialjuventud.es\/ca\/wp-json\/wp\/v2\/posts\/34691\/revisions"}],"predecessor-version":[{"id":34751,"href":"https:\/\/www.editorialjuventud.es\/ca\/wp-json\/wp\/v2\/posts\/34691\/revisions\/34751"}],"wp:featuredmedia":[{"embeddable":true,"href":"https:\/\/www.editorialjuventud.es\/ca\/wp-json\/wp\/v2\/media\/34699"}],"wp:attachment":[{"href":"https:\/\/www.editorialjuventud.es\/ca\/wp-json\/wp\/v2\/media?parent=34691"}],"wp:term":[{"taxonomy":"category","embeddable":true,"href":"https:\/\/www.editorialjuventud.es\/ca\/wp-json\/wp\/v2\/categories?post=34691"},{"taxonomy":"post_tag","embeddable":true,"href":"https:\/\/www.editorialjuventud.es\/ca\/wp-json\/wp\/v2\/tags?post=34691"}],"curies":[{"name":"wp","href":"https:\/\/api.w.org\/{rel}","templated":true}]}}