{"id":30656,"date":"2019-07-30T15:27:14","date_gmt":"2019-07-30T13:27:14","guid":{"rendered":"http:\/\/www.editorialjuventud.es\/?p=30656"},"modified":"2019-07-31T09:25:06","modified_gmt":"2019-07-31T07:25:06","slug":"un-estiu-narvalistic","status":"publish","type":"post","link":"https:\/\/www.editorialjuventud.es\/ca\/un-estiu-narvalistic\/","title":{"rendered":"Un estiu narval\u00edstic!"},"content":{"rendered":"\n<p>Quan fa un sol\nabrasador, els dies s\u00f3n llaaaargs i l\u2019escola \u00e9s un mer record&#8230; &nbsp;exacte, som a l\u2019estiu! I res millor que\npassar-lo acompanyat amb un bon llibre (i si \u00e9s refrescant, millor!).<\/p>\n\n\n\n<p>Aquest mes de juliol ha arribat a les llibreries un llibre d\u2019all\u00f2 m\u00e9s fresc, <a href=\"https:\/\/www.editorialjuventud.es\/ca\/narval-i-lludri-9788426146076\/\"><strong>Narval i Lludri<\/strong><\/a>, l\u2019\u00faltim c\u00f2mic dels <strong><a href=\"https:\/\/www.editorialjuventud.es\/ca\/titols\/?fwp_colecciones=catala%2Cjoventut-comic%2Cllibres-de-narval-i-medu\">Llibres de Narval i Medu<\/a><\/strong>. Aquest ja \u00e9s el 3r volum d\u2019aquesta estimada s\u00e8rie que ens dur\u00e0 directes al fons mar\u00ed. <\/p>\n\n\n\n<figure class=\"wp-block-image\"><img loading=\"lazy\" decoding=\"async\" width=\"865\" height=\"505\" src=\"https:\/\/www.editorialjuventud.es\/wp-content\/uploads\/Tot.jpg\" alt=\"\" class=\"wp-image-30658\" srcset=\"https:\/\/www.editorialjuventud.es\/wp-content\/uploads\/Tot.jpg 865w, https:\/\/www.editorialjuventud.es\/wp-content\/uploads\/Tot-768x448.jpg 768w, https:\/\/www.editorialjuventud.es\/wp-content\/uploads\/Tot-350x204.jpg 350w\" sizes=\"auto, (max-width: 865px) 100vw, 865px\" \/><\/figure>\n\n\n\n<p>L\u2019any 2017 el primer dels llibres, <a href=\"https:\/\/www.editorialjuventud.es\/ca\/narval-unicorn-mari-9788426145123\/\"><strong>Narval. Unicorn mar\u00ed<\/strong><\/a>, va donar la gran sorpresa rebent el prestigi\u00f3s Premi Eisner com a millor c\u00f2mic infantil. Perqu\u00e8, \u00e9s clar, com no poden ser un narval optimista i confiat de mena i una medusa m\u00e9s aviat t\u00edmida i insegura els millors protagonistes d\u2019un c\u00f2mic infantil? Una s\u00e8rie ideal perqu\u00e8 els m\u00e9s menuts de la casa es comencin a submergir tots sols en lectures gr\u00e0cies a la lletra de pal. <\/p>\n\n\n\n<p>En aquesta \u00faltima aventura, una nova protagonista entrar\u00e0 en escena: la Lludri. La Medu no sembla massa contenta que alg\u00fa li prengui el lloc de superamiga de Narval, i menys alg\u00fa que se les dona d\u2019aventurera! Una hist\u00f2ria plena d\u2019humor, per\u00f2 tamb\u00e9 amb petites p\u00edndoles informatives perqu\u00e8 sapiguem una mica m\u00e9s sobre les criatures marines. <\/p>\n\n\n\n<p>Ben Clanton, l\u2019autor de tots aquests llibres, \u00e9s homepeix a temps parcial i autor i il\u00b7lustrador a temps complet. El que m\u00e9s li agrada en aquest planeta \u00e9s llegir, dibuixar, jugar a b\u00e0squet, tenir cura del jard\u00ed i menjar gofres. Viu a Tacoma (EUA), per\u00f2 si tens curiositat per saber m\u00e9s sobre Clanton, et deixem aqu\u00ed la traducci\u00f3 de l\u2019entrevista que va concedir a <a href=\"http:\/\/bibliotecaviva.cl\/conversamos-con-ben-clanton-autor-del-premiado-comic-para-ninos-narval-unicornio-marino\/\"><strong>Biblioteca Viva<\/strong><\/a>: <\/p>\n\n\n\n<figure class=\"wp-block-image\"><img loading=\"lazy\" decoding=\"async\" width=\"865\" height=\"605\" src=\"https:\/\/www.editorialjuventud.es\/wp-content\/uploads\/Autor.jpg\" alt=\"\" class=\"wp-image-30661\" srcset=\"https:\/\/www.editorialjuventud.es\/wp-content\/uploads\/Autor.jpg 865w, https:\/\/www.editorialjuventud.es\/wp-content\/uploads\/Autor-768x537.jpg 768w, https:\/\/www.editorialjuventud.es\/wp-content\/uploads\/Autor-350x245.jpg 350w\" sizes=\"auto, (max-width: 865px) 100vw, 865px\" \/><\/figure>\n\n\n\n<p><br><strong>Com se\u2019t va acudir la idea i per qu\u00e8 vas decidir que el protagonista fos un animal mar\u00ed?<\/strong><\/p>\n\n\n\n<p>El Narval i la Medu van sorgir\na partir de veure el llibre <em>Polar\nObsession<\/em> de Paul Nicklen, ple de fotografies meravelloses de criatures de\nl\u2019\u00c0rtic. Una d\u2019aquestes criatures \u00e9s el narval, que per mi \u00e9s un recordatori de\ncom d\u2019extraordinari pot ser el m\u00f3n. Sabia que volia fer un llibre on el\nprotagonista fos un d\u2019aquests incre\u00efbles animals. Em va sorprendre veure que\nfins ara no hi havia cap llibre on el protagonista principal fos un narval.\nPer\u00f2 Narval no es va convertir en el que \u00e9s actualment fins que vaig haver de\nfer una llarga cua per a un gelat en un lloc anomenat Molly Moon\u2019s a Seattle,\nWA. Vaig tenir molt de temps per pensar en coses dolces, en especial amb l\u2019olor\nde les neules acabades de fer, que semblaven banyes i em van recordar l\u2019ullal\ndel narval. Al meu cap vaig sentir un clic, de sobte vaig veure que el personatge\nde Narval volia que fos tan dol\u00e7 i sorprenent com un gelat o una gofra. Narval\n\u00e9s, essencialment, aquest personatge ja desenvolupat que est\u00e0 nedant al voltant\ndel cervell. Medu, va apar\u00e8ixer poc despr\u00e9s que dubt\u00e9s d\u2019aquesta idea&#8230; &nbsp;<\/p>\n\n\n\n<p><br><strong>Podr\u00edem dir que el llibre \u00e9s m\u00e9s proper al c\u00f2mic que a l\u2019\u00e0lbum, per qu\u00e8 vas optar per aquest format de la hist\u00f2ria?<\/strong><\/p>\n\n\n\n<p>S\u00ed, \u00e9s un h\u00edbrid, cosa que no era la idea inicial. Primer ho vaig concebre com una s\u00e8rie de llibres \u00e0lbum. Per\u00f2 cap dels meus editors va pensar que fes el pes. Va ser Tara Walker (l\u2019editora americana) que va suggerir que les hist\u00f2ries podien funcionar millor si es combinaven en un sol llibre que no pas en parts individuals, i em va animar a jugar amb el format. Al final vaig veure que tenia ra\u00f3, i vaig comen\u00e7ar a combinar un parell d\u2019hist\u00f2ries en un llibre. No va ser fins que vaig comen\u00e7ar a afegir material informatiu, que vaig trobar la manera de fer tres llibres en un. Els panells de no ficci\u00f3 ajudaven amb el ritme i els personatges hi participaven amb els di\u00e0legs. Aquests seccions de no ficci\u00f3 van sorgir perqu\u00e8 la majoria de les persones amb qui parlava no sabien qu\u00e8 era un narval. L\u2019estranya barreja de formats que en van sortir crec que lliga molt amb la personalitat i punt de vista de Narval: una cosa \u201cem fa por per\u00f2 m\u2019agrada\u201d. I com a fan dels c\u00f2mics de tota la vida m\u2019encanta considerar-me un caricaturista. <br><\/p>\n\n\n\n<figure class=\"wp-block-image\"><img loading=\"lazy\" decoding=\"async\" width=\"863\" height=\"593\" src=\"https:\/\/www.editorialjuventud.es\/wp-content\/uploads\/GIFMaker.org_SROpnQ.gif\" alt=\"\" class=\"wp-image-30664\"\/><\/figure>\n\n\n\n<p><br><strong>Explica\u2019ns el proc\u00e9s per il\u00b7lustrar i crear les hist\u00f2ries de Narval i la seva amiga Medu. Les idees t\u2019arriben del no-res o hi ha situacions de la teva vida di\u00e0ria que t\u2019inspiren?<\/strong><\/p>\n\n\n\n<p>Els personatges han estat nadant una bona estona en la meva imaginaci\u00f3,\nvivint les seves vides. Moltes de les hist\u00f2ries s\u00f3n el resultat de deixar que el meu cap divagui, de passar\ntemps amb Narval i Medu i permetre que les idees es filtrin. De vegades, aquestes\nidees s\u00f3n inspirades per fets espec\u00edfics. Una de les hist\u00f2ries de <em>Supernarval i Medu Shock<\/em> anomenada el S\u00faper Superpoder\nve de quan intentava animar un estudiant en un programa extraescolar de\nl\u2019escola on treballo. Tractant de saber per qu\u00e8 estava alterat, em venien al cap raons\naleat\u00f2ries com \u201chas perdut el bigoti?\u201d.<\/p>\n\n\n\n<p><br><strong>Les respostes enginyoses i els jocs de paraules que utilitzes en el text creen una hist\u00f2ria que duen a un tancament? O \u00e9s m\u00e9s una cosa que neix naturalment per donar-li m\u00e9s encant?<\/strong><\/p>\n\n\n\n<p>La majoria de vegades em venen naturalment. M\u2019agraden els jocs de paraules i el mar ofereix <em>poptunitats<\/em> per fer-ho. <\/p>\n\n\n\n<p><br><\/p>\n\n\n\n<blockquote class=\"wp-block-quote is-style-large is-layout-flow wp-block-quote-is-layout-flow\"><p><strong><em>\u201cEm sento molt feli\u00e7 fent llibres de Narval i Medu\u201d<\/em><\/strong><\/p><\/blockquote>\n\n\n\n<p><br><\/p>\n\n\n\n<p><strong>Qu\u00e8 ha significat\nl\u2019exist\u00e8ncia de Narval a la teva vida?<\/strong><\/p>\n\n\n\n<p>En realitat ha significat un canvi de vida. Em sento molt feli\u00e7 fent llibres de Narval i Medu i&nbsp; molt afortunat de poder crear hist\u00f2ries. Abans d\u2019aquests llibres vaig publicar diversos t\u00edtols, per\u00f2 aleshores no era una carrera molt rendible. Durant un temps vaig tenir deutes i no sabia com trauria els diners per pagar-los. Ara, la popularitat dels llibres em permet crear m\u00e9s amb menys estr\u00e8s. <br><\/p>\n\n\n\n<figure class=\"wp-block-image\"><img loading=\"lazy\" decoding=\"async\" width=\"1000\" height=\"714\" src=\"http:\/\/www.editorialjuventud.es\/wp-content\/uploads\/NARVAL-i-LLUDRI_Gofre.jpg\" alt=\"\" class=\"wp-image-30705\" srcset=\"https:\/\/www.editorialjuventud.es\/wp-content\/uploads\/NARVAL-i-LLUDRI_Gofre.jpg 1000w, https:\/\/www.editorialjuventud.es\/wp-content\/uploads\/NARVAL-i-LLUDRI_Gofre-768x548.jpg 768w, https:\/\/www.editorialjuventud.es\/wp-content\/uploads\/NARVAL-i-LLUDRI_Gofre-350x250.jpg 350w, https:\/\/www.editorialjuventud.es\/wp-content\/uploads\/NARVAL-i-LLUDRI_Gofre-900x643.jpg 900w\" sizes=\"auto, (max-width: 1000px) 100vw, 1000px\" \/><\/figure>\n\n\n\n<p><br><strong>Qu\u00e8 t\u00e9 Ben de Narval? I qu\u00e8 t\u00e9 Clanton de Medu?<\/strong><\/p>\n\n\n\n<p>Ben, com Narval, pensa que tothom \u00e9s amic seu i t\u00e9 moooolta imaginaci\u00f3.\nClanton, com Medu, es preocupa de tot i, de vegades, \u00e9s insegur (riures).<\/p>\n\n\n\n<p><br><strong>Est\u00e0s treballant en algun nou projecte ara? Podem tenir una prim\u00edcia?<\/strong><\/p>\n\n\n\n<p>Estic treballant en llibres de cartr\u00f3 de Narval i Medu per a la primera\ninf\u00e0ncia, i el nou volum de Narval i Medu on descobreixen al Merry Mermicorn\n(Alegre Sirenicorni). I fins aqu\u00ed puc llegir!<\/p>\n","protected":false},"excerpt":{"rendered":"Quan fa un sol abrasador, els dies s\u00f3n llaaaargs i l\u2019escola \u00e9s un mer record&#8230; &nbsp;exacte, som a l\u2019estiu! I res millor que passar-lo acompanyat amb un bon llibre (i si \u00e9s refrescant, millor!). Aquest mes de juliol ha arribat [&hellip;]","protected":false},"author":50,"featured_media":30702,"comment_status":"open","ping_status":"open","sticky":false,"template":"","format":"standard","meta":{"_acf_changed":false,"_exactmetrics_skip_tracking":false,"_exactmetrics_sitenote_active":false,"_exactmetrics_sitenote_note":"","_exactmetrics_sitenote_category":0,"footnotes":""},"categories":[1253,1276,1277],"tags":[],"class_list":["post-30656","post","type-post","status-publish","format-standard","has-post-thumbnail","hentry","category-coneixent-els-autors","category-juventud-comic","category-narval-i-medu"],"acf":{"libros_enlazados":[6354,6355,18944,18947,29742,29745]},"yoast_head":"<!-- This site is optimized with the Yoast SEO plugin v27.3 - https:\/\/yoast.com\/product\/yoast-seo-wordpress\/ -->\n<title>Un estiu narval\u00edstic! - Editorial Juventud<\/title>\n<meta name=\"description\" content=\"Quan fa un sol abrasador, els dies s\u00f3n llaaaargs i l\u2019escola \u00e9s un mer record... &nbsp;exacte, som a l\u2019estiu! I res millor que passar-lo acompanyat amb un Aquest mes de juliol ha arribat a les llibreries un llibre d\u2019all\u00f2 m\u00e9s fresc, Narval i Lludri, l\u2019\u00faltim c\u00f2mic dels Llibres de Narval i Medu. Aquest ja \u00e9s el 3r volum d\u2019aquesta estimada s\u00e8rie que ens dur\u00e0 directes al fons mar\u00ed.\" \/>\n<meta name=\"robots\" content=\"index, follow, max-snippet:-1, max-image-preview:large, max-video-preview:-1\" \/>\n<link rel=\"canonical\" href=\"https:\/\/www.editorialjuventud.es\/ca\/un-estiu-narvalistic\/\" \/>\n<meta property=\"og:locale\" content=\"ca_ES\" \/>\n<meta property=\"og:type\" content=\"article\" \/>\n<meta property=\"og:title\" content=\"Un estiu narval\u00edstic! - Editorial Juventud\" \/>\n<meta property=\"og:description\" content=\"Quan fa un sol abrasador, els dies s\u00f3n llaaaargs i l\u2019escola \u00e9s un mer record... &nbsp;exacte, som a l\u2019estiu! I res millor que passar-lo acompanyat amb un Aquest mes de juliol ha arribat a les llibreries un llibre d\u2019all\u00f2 m\u00e9s fresc, Narval i Lludri, l\u2019\u00faltim c\u00f2mic dels Llibres de Narval i Medu. Aquest ja \u00e9s el 3r volum d\u2019aquesta estimada s\u00e8rie que ens dur\u00e0 directes al fons mar\u00ed.\" \/>\n<meta property=\"og:url\" content=\"https:\/\/www.editorialjuventud.es\/ca\/un-estiu-narvalistic\/\" \/>\n<meta property=\"og:site_name\" content=\"Editorial Juventud\" \/>\n<meta property=\"article:published_time\" content=\"2019-07-30T13:27:14+00:00\" \/>\n<meta property=\"article:modified_time\" content=\"2019-07-31T07:25:06+00:00\" \/>\n<meta property=\"og:image\" content=\"https:\/\/www.editorialjuventud.es\/wp-content\/uploads\/Narval_low.jpg\" \/>\n\t<meta property=\"og:image:width\" content=\"400\" \/>\n\t<meta property=\"og:image:height\" content=\"267\" \/>\n\t<meta property=\"og:image:type\" content=\"image\/jpeg\" \/>\n<meta name=\"author\" content=\"Laie Pradas\" \/>\n<meta name=\"twitter:card\" content=\"summary_large_image\" \/>\n<meta name=\"twitter:label1\" content=\"Escrit per\" \/>\n\t<meta name=\"twitter:data1\" content=\"Laie Pradas\" \/>\n\t<meta name=\"twitter:label2\" content=\"Temps estimat de lectura\" \/>\n\t<meta name=\"twitter:data2\" content=\"6 minuts\" \/>\n<script type=\"application\/ld+json\" class=\"yoast-schema-graph\">{\"@context\":\"https:\\\/\\\/schema.org\",\"@graph\":[{\"@type\":\"Article\",\"@id\":\"https:\\\/\\\/www.editorialjuventud.es\\\/ca\\\/un-estiu-narvalistic\\\/#article\",\"isPartOf\":{\"@id\":\"https:\\\/\\\/www.editorialjuventud.es\\\/ca\\\/un-estiu-narvalistic\\\/\"},\"author\":{\"name\":\"Laie Pradas\",\"@id\":\"https:\\\/\\\/www.editorialjuventud.es\\\/#\\\/schema\\\/person\\\/97152caedc414c09143f09618b59ce68\"},\"headline\":\"Un estiu narval\u00edstic!\",\"datePublished\":\"2019-07-30T13:27:14+00:00\",\"dateModified\":\"2019-07-31T07:25:06+00:00\",\"mainEntityOfPage\":{\"@id\":\"https:\\\/\\\/www.editorialjuventud.es\\\/ca\\\/un-estiu-narvalistic\\\/\"},\"wordCount\":1146,\"commentCount\":0,\"image\":{\"@id\":\"https:\\\/\\\/www.editorialjuventud.es\\\/ca\\\/un-estiu-narvalistic\\\/#primaryimage\"},\"thumbnailUrl\":\"https:\\\/\\\/www.editorialjuventud.es\\\/wp-content\\\/uploads\\\/Narval_low.jpg\",\"articleSection\":[\"Coneixent els autors\",\"Juventud C\u00f3mic\",\"Narval i Medu\"],\"inLanguage\":\"ca\",\"potentialAction\":[{\"@type\":\"CommentAction\",\"name\":\"Comment\",\"target\":[\"https:\\\/\\\/www.editorialjuventud.es\\\/ca\\\/un-estiu-narvalistic\\\/#respond\"]}]},{\"@type\":\"WebPage\",\"@id\":\"https:\\\/\\\/www.editorialjuventud.es\\\/ca\\\/un-estiu-narvalistic\\\/\",\"url\":\"https:\\\/\\\/www.editorialjuventud.es\\\/ca\\\/un-estiu-narvalistic\\\/\",\"name\":\"Un estiu narval\u00edstic! - Editorial Juventud\",\"isPartOf\":{\"@id\":\"https:\\\/\\\/www.editorialjuventud.es\\\/#website\"},\"primaryImageOfPage\":{\"@id\":\"https:\\\/\\\/www.editorialjuventud.es\\\/ca\\\/un-estiu-narvalistic\\\/#primaryimage\"},\"image\":{\"@id\":\"https:\\\/\\\/www.editorialjuventud.es\\\/ca\\\/un-estiu-narvalistic\\\/#primaryimage\"},\"thumbnailUrl\":\"https:\\\/\\\/www.editorialjuventud.es\\\/wp-content\\\/uploads\\\/Narval_low.jpg\",\"datePublished\":\"2019-07-30T13:27:14+00:00\",\"dateModified\":\"2019-07-31T07:25:06+00:00\",\"author\":{\"@id\":\"https:\\\/\\\/www.editorialjuventud.es\\\/#\\\/schema\\\/person\\\/97152caedc414c09143f09618b59ce68\"},\"description\":\"Quan fa un sol abrasador, els dies s\u00f3n llaaaargs i l\u2019escola \u00e9s un mer record... &nbsp;exacte, som a l\u2019estiu! I res millor que passar-lo acompanyat amb un Aquest mes de juliol ha arribat a les llibreries un llibre d\u2019all\u00f2 m\u00e9s fresc, Narval i Lludri, l\u2019\u00faltim c\u00f2mic dels Llibres de Narval i Medu. Aquest ja \u00e9s el 3r volum d\u2019aquesta estimada s\u00e8rie que ens dur\u00e0 directes al fons mar\u00ed.\",\"breadcrumb\":{\"@id\":\"https:\\\/\\\/www.editorialjuventud.es\\\/ca\\\/un-estiu-narvalistic\\\/#breadcrumb\"},\"inLanguage\":\"ca\",\"potentialAction\":[{\"@type\":\"ReadAction\",\"target\":[\"https:\\\/\\\/www.editorialjuventud.es\\\/ca\\\/un-estiu-narvalistic\\\/\"]}]},{\"@type\":\"ImageObject\",\"inLanguage\":\"ca\",\"@id\":\"https:\\\/\\\/www.editorialjuventud.es\\\/ca\\\/un-estiu-narvalistic\\\/#primaryimage\",\"url\":\"https:\\\/\\\/www.editorialjuventud.es\\\/wp-content\\\/uploads\\\/Narval_low.jpg\",\"contentUrl\":\"https:\\\/\\\/www.editorialjuventud.es\\\/wp-content\\\/uploads\\\/Narval_low.jpg\",\"width\":400,\"height\":267},{\"@type\":\"BreadcrumbList\",\"@id\":\"https:\\\/\\\/www.editorialjuventud.es\\\/ca\\\/un-estiu-narvalistic\\\/#breadcrumb\",\"itemListElement\":[{\"@type\":\"ListItem\",\"position\":1,\"name\":\"Portada\",\"item\":\"https:\\\/\\\/www.editorialjuventud.es\\\/\"},{\"@type\":\"ListItem\",\"position\":2,\"name\":\"Juventud C\u00f3mic\",\"item\":\"https:\\\/\\\/www.editorialjuventud.es\\\/ca\\\/juventud-comic\\\/\"},{\"@type\":\"ListItem\",\"position\":3,\"name\":\"Un estiu narval\u00edstic!\"}]},{\"@type\":\"WebSite\",\"@id\":\"https:\\\/\\\/www.editorialjuventud.es\\\/#website\",\"url\":\"https:\\\/\\\/www.editorialjuventud.es\\\/\",\"name\":\"Editorial Juventud\",\"description\":\"\",\"potentialAction\":[{\"@type\":\"SearchAction\",\"target\":{\"@type\":\"EntryPoint\",\"urlTemplate\":\"https:\\\/\\\/www.editorialjuventud.es\\\/?s={search_term_string}\"},\"query-input\":{\"@type\":\"PropertyValueSpecification\",\"valueRequired\":true,\"valueName\":\"search_term_string\"}}],\"inLanguage\":\"ca\"},{\"@type\":\"Person\",\"@id\":\"https:\\\/\\\/www.editorialjuventud.es\\\/#\\\/schema\\\/person\\\/97152caedc414c09143f09618b59ce68\",\"name\":\"Laie Pradas\",\"image\":{\"@type\":\"ImageObject\",\"inLanguage\":\"ca\",\"@id\":\"https:\\\/\\\/secure.gravatar.com\\\/avatar\\\/2702aef70815ccc9ca61ea5a3a8dbda5b91b509d670fa66f04bd502c697d6a67?s=96&d=mm&r=g\",\"url\":\"https:\\\/\\\/secure.gravatar.com\\\/avatar\\\/2702aef70815ccc9ca61ea5a3a8dbda5b91b509d670fa66f04bd502c697d6a67?s=96&d=mm&r=g\",\"contentUrl\":\"https:\\\/\\\/secure.gravatar.com\\\/avatar\\\/2702aef70815ccc9ca61ea5a3a8dbda5b91b509d670fa66f04bd502c697d6a67?s=96&d=mm&r=g\",\"caption\":\"Laie Pradas\"}}]}<\/script>\n<!-- \/ Yoast SEO plugin. -->","yoast_head_json":{"title":"Un estiu narval\u00edstic! - Editorial Juventud","description":"Quan fa un sol abrasador, els dies s\u00f3n llaaaargs i l\u2019escola \u00e9s un mer record... &nbsp;exacte, som a l\u2019estiu! I res millor que passar-lo acompanyat amb un Aquest mes de juliol ha arribat a les llibreries un llibre d\u2019all\u00f2 m\u00e9s fresc, Narval i Lludri, l\u2019\u00faltim c\u00f2mic dels Llibres de Narval i Medu. Aquest ja \u00e9s el 3r volum d\u2019aquesta estimada s\u00e8rie que ens dur\u00e0 directes al fons mar\u00ed.","robots":{"index":"index","follow":"follow","max-snippet":"max-snippet:-1","max-image-preview":"max-image-preview:large","max-video-preview":"max-video-preview:-1"},"canonical":"https:\/\/www.editorialjuventud.es\/ca\/un-estiu-narvalistic\/","og_locale":"ca_ES","og_type":"article","og_title":"Un estiu narval\u00edstic! - Editorial Juventud","og_description":"Quan fa un sol abrasador, els dies s\u00f3n llaaaargs i l\u2019escola \u00e9s un mer record... &nbsp;exacte, som a l\u2019estiu! I res millor que passar-lo acompanyat amb un Aquest mes de juliol ha arribat a les llibreries un llibre d\u2019all\u00f2 m\u00e9s fresc, Narval i Lludri, l\u2019\u00faltim c\u00f2mic dels Llibres de Narval i Medu. Aquest ja \u00e9s el 3r volum d\u2019aquesta estimada s\u00e8rie que ens dur\u00e0 directes al fons mar\u00ed.","og_url":"https:\/\/www.editorialjuventud.es\/ca\/un-estiu-narvalistic\/","og_site_name":"Editorial Juventud","article_published_time":"2019-07-30T13:27:14+00:00","article_modified_time":"2019-07-31T07:25:06+00:00","og_image":[{"width":400,"height":267,"url":"https:\/\/www.editorialjuventud.es\/wp-content\/uploads\/Narval_low.jpg","type":"image\/jpeg"}],"author":"Laie Pradas","twitter_card":"summary_large_image","twitter_misc":{"Escrit per":"Laie Pradas","Temps estimat de lectura":"6 minuts"},"schema":{"@context":"https:\/\/schema.org","@graph":[{"@type":"Article","@id":"https:\/\/www.editorialjuventud.es\/ca\/un-estiu-narvalistic\/#article","isPartOf":{"@id":"https:\/\/www.editorialjuventud.es\/ca\/un-estiu-narvalistic\/"},"author":{"name":"Laie Pradas","@id":"https:\/\/www.editorialjuventud.es\/#\/schema\/person\/97152caedc414c09143f09618b59ce68"},"headline":"Un estiu narval\u00edstic!","datePublished":"2019-07-30T13:27:14+00:00","dateModified":"2019-07-31T07:25:06+00:00","mainEntityOfPage":{"@id":"https:\/\/www.editorialjuventud.es\/ca\/un-estiu-narvalistic\/"},"wordCount":1146,"commentCount":0,"image":{"@id":"https:\/\/www.editorialjuventud.es\/ca\/un-estiu-narvalistic\/#primaryimage"},"thumbnailUrl":"https:\/\/www.editorialjuventud.es\/wp-content\/uploads\/Narval_low.jpg","articleSection":["Coneixent els autors","Juventud C\u00f3mic","Narval i Medu"],"inLanguage":"ca","potentialAction":[{"@type":"CommentAction","name":"Comment","target":["https:\/\/www.editorialjuventud.es\/ca\/un-estiu-narvalistic\/#respond"]}]},{"@type":"WebPage","@id":"https:\/\/www.editorialjuventud.es\/ca\/un-estiu-narvalistic\/","url":"https:\/\/www.editorialjuventud.es\/ca\/un-estiu-narvalistic\/","name":"Un estiu narval\u00edstic! - Editorial Juventud","isPartOf":{"@id":"https:\/\/www.editorialjuventud.es\/#website"},"primaryImageOfPage":{"@id":"https:\/\/www.editorialjuventud.es\/ca\/un-estiu-narvalistic\/#primaryimage"},"image":{"@id":"https:\/\/www.editorialjuventud.es\/ca\/un-estiu-narvalistic\/#primaryimage"},"thumbnailUrl":"https:\/\/www.editorialjuventud.es\/wp-content\/uploads\/Narval_low.jpg","datePublished":"2019-07-30T13:27:14+00:00","dateModified":"2019-07-31T07:25:06+00:00","author":{"@id":"https:\/\/www.editorialjuventud.es\/#\/schema\/person\/97152caedc414c09143f09618b59ce68"},"description":"Quan fa un sol abrasador, els dies s\u00f3n llaaaargs i l\u2019escola \u00e9s un mer record... &nbsp;exacte, som a l\u2019estiu! I res millor que passar-lo acompanyat amb un Aquest mes de juliol ha arribat a les llibreries un llibre d\u2019all\u00f2 m\u00e9s fresc, Narval i Lludri, l\u2019\u00faltim c\u00f2mic dels Llibres de Narval i Medu. Aquest ja \u00e9s el 3r volum d\u2019aquesta estimada s\u00e8rie que ens dur\u00e0 directes al fons mar\u00ed.","breadcrumb":{"@id":"https:\/\/www.editorialjuventud.es\/ca\/un-estiu-narvalistic\/#breadcrumb"},"inLanguage":"ca","potentialAction":[{"@type":"ReadAction","target":["https:\/\/www.editorialjuventud.es\/ca\/un-estiu-narvalistic\/"]}]},{"@type":"ImageObject","inLanguage":"ca","@id":"https:\/\/www.editorialjuventud.es\/ca\/un-estiu-narvalistic\/#primaryimage","url":"https:\/\/www.editorialjuventud.es\/wp-content\/uploads\/Narval_low.jpg","contentUrl":"https:\/\/www.editorialjuventud.es\/wp-content\/uploads\/Narval_low.jpg","width":400,"height":267},{"@type":"BreadcrumbList","@id":"https:\/\/www.editorialjuventud.es\/ca\/un-estiu-narvalistic\/#breadcrumb","itemListElement":[{"@type":"ListItem","position":1,"name":"Portada","item":"https:\/\/www.editorialjuventud.es\/"},{"@type":"ListItem","position":2,"name":"Juventud C\u00f3mic","item":"https:\/\/www.editorialjuventud.es\/ca\/juventud-comic\/"},{"@type":"ListItem","position":3,"name":"Un estiu narval\u00edstic!"}]},{"@type":"WebSite","@id":"https:\/\/www.editorialjuventud.es\/#website","url":"https:\/\/www.editorialjuventud.es\/","name":"Editorial Juventud","description":"","potentialAction":[{"@type":"SearchAction","target":{"@type":"EntryPoint","urlTemplate":"https:\/\/www.editorialjuventud.es\/?s={search_term_string}"},"query-input":{"@type":"PropertyValueSpecification","valueRequired":true,"valueName":"search_term_string"}}],"inLanguage":"ca"},{"@type":"Person","@id":"https:\/\/www.editorialjuventud.es\/#\/schema\/person\/97152caedc414c09143f09618b59ce68","name":"Laie Pradas","image":{"@type":"ImageObject","inLanguage":"ca","@id":"https:\/\/secure.gravatar.com\/avatar\/2702aef70815ccc9ca61ea5a3a8dbda5b91b509d670fa66f04bd502c697d6a67?s=96&d=mm&r=g","url":"https:\/\/secure.gravatar.com\/avatar\/2702aef70815ccc9ca61ea5a3a8dbda5b91b509d670fa66f04bd502c697d6a67?s=96&d=mm&r=g","contentUrl":"https:\/\/secure.gravatar.com\/avatar\/2702aef70815ccc9ca61ea5a3a8dbda5b91b509d670fa66f04bd502c697d6a67?s=96&d=mm&r=g","caption":"Laie Pradas"}}]}},"_links":{"self":[{"href":"https:\/\/www.editorialjuventud.es\/ca\/wp-json\/wp\/v2\/posts\/30656","targetHints":{"allow":["GET"]}}],"collection":[{"href":"https:\/\/www.editorialjuventud.es\/ca\/wp-json\/wp\/v2\/posts"}],"about":[{"href":"https:\/\/www.editorialjuventud.es\/ca\/wp-json\/wp\/v2\/types\/post"}],"author":[{"embeddable":true,"href":"https:\/\/www.editorialjuventud.es\/ca\/wp-json\/wp\/v2\/users\/50"}],"replies":[{"embeddable":true,"href":"https:\/\/www.editorialjuventud.es\/ca\/wp-json\/wp\/v2\/comments?post=30656"}],"version-history":[{"count":22,"href":"https:\/\/www.editorialjuventud.es\/ca\/wp-json\/wp\/v2\/posts\/30656\/revisions"}],"predecessor-version":[{"id":30798,"href":"https:\/\/www.editorialjuventud.es\/ca\/wp-json\/wp\/v2\/posts\/30656\/revisions\/30798"}],"wp:featuredmedia":[{"embeddable":true,"href":"https:\/\/www.editorialjuventud.es\/ca\/wp-json\/wp\/v2\/media\/30702"}],"wp:attachment":[{"href":"https:\/\/www.editorialjuventud.es\/ca\/wp-json\/wp\/v2\/media?parent=30656"}],"wp:term":[{"taxonomy":"category","embeddable":true,"href":"https:\/\/www.editorialjuventud.es\/ca\/wp-json\/wp\/v2\/categories?post=30656"},{"taxonomy":"post_tag","embeddable":true,"href":"https:\/\/www.editorialjuventud.es\/ca\/wp-json\/wp\/v2\/tags?post=30656"}],"curies":[{"name":"wp","href":"https:\/\/api.w.org\/{rel}","templated":true}]}}