{"id":25810,"date":"2019-05-21T18:11:02","date_gmt":"2019-05-21T16:11:02","guid":{"rendered":"http:\/\/www.editorialjuventud.es\/?p=25810"},"modified":"2019-06-13T13:46:14","modified_gmt":"2019-06-13T11:46:14","slug":"escoltem-les-veus-tranquil%c2%b7les","status":"publish","type":"post","link":"https:\/\/www.editorialjuventud.es\/ca\/escoltem-les-veus-tranquil%c2%b7les\/","title":{"rendered":"No cal rugir per ser escoltats"},"content":{"rendered":"<p>Recentment el llibre <a href=\"https:\/\/www.editorialjuventud.es\/ca\/com-ser-un-lleo-9788426144898\/\"><em><strong>Com ser un lle\u00f3<\/strong><\/em><\/a> d\u2019<a href=\"https:\/\/www.editorialjuventud.es\/ca\/autores\/vere-ed\/\"><em><strong>Ed Vere<\/strong><\/em><\/a> ha guanyat el premi <a href=\"http:\/\/www.oscarsbookprize.co.uk\/\"><em><strong><u>Oscar\u2019s Book Prize<\/u><\/strong><\/em><\/a>, guard\u00f3 que es concedeix anualment al millor llibre per a nens m\u00e9s petits de 5 anys.<\/p>\n<p>A <strong><em><a href=\"https:\/\/www.editorialjuventud.es\/ca\/com-ser-un-lleo-9788426144898\/\"><strong>Com ser un lle\u00f3<\/strong><\/a><\/em><\/strong> coneixem a Leonard, un lle\u00f3 que pensa per ell mateix. Gran i fort, per\u00f2 amb un costat amable; un poeta i un somiador. Un dia coneix a la Queta, qui l&#8217;ajuda amb un poema amb qu\u00e8 no avan\u00e7a. Veuen que tenen moltes coses en com\u00fa i es converteixen en bons amics.<\/p>\n<p>&nbsp;<\/p>\n<p><img loading=\"lazy\" decoding=\"async\" class=\"img-responsive alignnone wp-image-26229 size-full\" src=\"http:\/\/www.editorialjuventud.es\/wp-content\/uploads\/Cover-2.jpg\" alt=\"\" width=\"1041\" height=\"745\" srcset=\"https:\/\/www.editorialjuventud.es\/wp-content\/uploads\/Cover-2.jpg 1041w, https:\/\/www.editorialjuventud.es\/wp-content\/uploads\/Cover-2-350x250.jpg 350w, https:\/\/www.editorialjuventud.es\/wp-content\/uploads\/Cover-2-900x644.jpg 900w, https:\/\/www.editorialjuventud.es\/wp-content\/uploads\/Cover-2-768x550.jpg 768w\" sizes=\"auto, (max-width: 1041px) 100vw, 1041px\" \/><\/p>\n<p>&nbsp;<\/p>\n<p>El problema \u00e9s que la Queta \u00e9s una \u00e0nega. I la resta de lleons pensen que els \u00e0necs estan per menjar-se\u2019ls, no per ser amics.<\/p>\n<p>Qu\u00e8 faran en Leonard i la Queta?<br \/>\nHauria en Leonard de canviar per encaixar?<br \/>\nHauria de cruspir-se la Queta?<\/p>\n<p>En motiu del guard\u00f3, <a href=\"https:\/\/www.editorialjuventud.es\/ca\/autores\/vere-ed\/\"><strong>Ed Vere<\/strong><\/a> ha concedit <a href=\"https:\/\/www.penguin.co.uk\/articles\/children\/2018\/why-we-should-celebrate-and-listen-to-quiet-voices-by-ed-vere\/\"><strong><u>una entrevista<\/u><\/strong><\/a> en qu\u00e8 explica que en un m\u00f3n soroll\u00f3s que no s\u2019atura \u00e9s important escoltar amb atenci\u00f3 les veus tranquil\u00b7les i reflexives:<\/p>\n<p>&nbsp;<\/p>\n<pre><img loading=\"lazy\" decoding=\"async\" class=\"img-responsive alignnone wp-image-26109 size-full\" src=\"http:\/\/www.editorialjuventud.es\/wp-content\/uploads\/GIFMaker.org_supJY6.gif\" alt=\"\" width=\"900\" height=\"595\" \/> \r\nImatges extretes de l\u2019Instagram oficial d\u2019<a href=\"mailto:ed_vere@yahoo.com\">@ed_vere<\/a><\/pre>\n<p>&nbsp;<\/p>\n<p><em>Vaig escriure <\/em><a href=\"https:\/\/www.editorialjuventud.es\/ca\/com-ser-un-lleo-9788426144898\/\"><strong>Com ser un lle\u00f3<\/strong><\/a><em> perqu\u00e8 volia dir als nens: hi ha moltes maneres de ser tu mateix. No tinguis por de mostrar-ho. Tant si ets introvertit, amable o somiador, totes les maneres de ser s\u00f3n v\u00e0lides.<\/em><\/p>\n<p>&nbsp;<\/p>\n<blockquote>\n<h2><strong>\u201cNom\u00e9s serem feli\u00e7os si som capa\u00e7os de ser realment qui som\u201d.<\/strong><\/h2>\n<p>&nbsp;<\/p><\/blockquote>\n<p><em>Volia mostrar-los com resistir a la pressi\u00f3: defensa ser tal com tu vols ser. Pensa per tu mateix \u2013no acceptis l&#8217;opini\u00f3 dels altres nom\u00e9s perqu\u00e8 \u00e9s m\u00e9s f\u00e0cil encaixar. Nom\u00e9s serem feli\u00e7os si som capa\u00e7os de ser realment qui som. Aix\u00f2 serveix tant per als nens com per als adults.<\/em><\/p>\n<p>&nbsp;<\/p>\n<p><img loading=\"lazy\" decoding=\"async\" class=\"img-responsive alignnone wp-image-26201 size-full\" src=\"http:\/\/www.editorialjuventud.es\/wp-content\/uploads\/IMG_7460-1.jpg\" alt=\"\" width=\"900\" height=\"720\" srcset=\"https:\/\/www.editorialjuventud.es\/wp-content\/uploads\/IMG_7460-1.jpg 900w, https:\/\/www.editorialjuventud.es\/wp-content\/uploads\/IMG_7460-1-350x280.jpg 350w, https:\/\/www.editorialjuventud.es\/wp-content\/uploads\/IMG_7460-1-768x614.jpg 768w\" sizes=\"auto, (max-width: 900px) 100vw, 900px\" \/><\/p>\n<p>&nbsp;<\/p>\n<p><em>La pressi\u00f3 per adaptar-se comen\u00e7a aviat. Socialitzar \u00e9s vital, per\u00f2 la pressi\u00f3 dels companys deixen petja i ens suggereix que per encaixar has d&#8217;adaptar-te a una altra manera de ser, que no \u00e9s bo ser d&#8217;una determinada manera ni que t&#8217;agradin certes coses.<\/em><\/p>\n<p>&nbsp;<\/p>\n<blockquote>\n<h2><strong>\u201cHaur\u00edem d&#8217;apoderar els nens amb veus m\u00e9s tranquil\u00b7les, tenen molt a dir\u201d.<\/strong><\/h2>\n<p>&nbsp;<\/p><\/blockquote>\n<p>&nbsp;<\/p>\n<p><em>Les veus discretes i tranquil\u00b7les es perden entre les veus altes, i no haur\u00edem de permetre-ho. Normalment s\u00f3n aquestes veus les que pensen. El pensament creatiu requereix temps per pensar, i &#8220;somiar despert&#8221; forma part d&#8217;aix\u00f2. Haur\u00edem d&#8217;apoderar els nens amb veus m\u00e9s tranquil\u00b7les, tenen molt a dir.<\/em><\/p>\n<p><em>La idea de\u00a0<\/em><a href=\"https:\/\/www.editorialjuventud.es\/ca\/com-ser-un-lleo-9788426144898\/\"><strong>Com ser un lle\u00f3<\/strong><\/a> <em>va sorgir en plena campanya de les eleccions presidencials dels Estats Units. Una veu bel\u00b7ligerant i assetjadora estava rebent tota l&#8217;atenci\u00f3, donant un exemple desastr\u00f3s. No puc evitar pensar que aquesta veu es filtrar\u00e0 inevitablement entre els nens i que possiblement amb el temps aprendran a ser com ella.<\/em><\/p>\n<p><em>Espero haver escrit un llibre que contraresti aquesta veu, i la intoler\u00e0ncia que comporta, i que mostri la import\u00e0ncia de la bondat i l&#8217;empatia. Crec que ha arribat l&#8217;hora de donar a con\u00e8ixer el poder de les veus tranquil\u00b7les i reflexives.<\/em><\/p>\n<p><a href=\"https:\/\/www.editorialjuventud.es\/ca\/com-ser-un-lleo-9788426144898\/\"><strong>Com ser un lle\u00f3<\/strong><\/a><em>\u00a0\u00e9s un llibre sobre pensar per un mateix i tenir el coratge de fer-se valer: perqu\u00e8, si no vivim la vida sent nosaltres mateixos, mai serem del tot feli\u00e7os.<\/em><\/p>\n<p>&nbsp;<\/p>\n<p><img loading=\"lazy\" decoding=\"async\" class=\"img-responsive alignnone wp-image-26113 size-full\" src=\"http:\/\/www.editorialjuventud.es\/wp-content\/uploads\/image.jpg\" alt=\"\" width=\"900\" height=\"568\" srcset=\"https:\/\/www.editorialjuventud.es\/wp-content\/uploads\/image.jpg 900w, https:\/\/www.editorialjuventud.es\/wp-content\/uploads\/image-350x221.jpg 350w, https:\/\/www.editorialjuventud.es\/wp-content\/uploads\/image-768x485.jpg 768w\" sizes=\"auto, (max-width: 900px) 100vw, 900px\" \/><\/p>\n","protected":false},"excerpt":{"rendered":"Recentment el llibre Com ser un lle\u00f3 d\u2019Ed Vere ha guanyat el premi Oscar\u2019s Book Prize, guard\u00f3 que es concedeix anualment al millor llibre per a nens m\u00e9s petits de 5 anys. A Com ser un lle\u00f3 coneixem a Leonard, [&hellip;]","protected":false},"author":47,"featured_media":25822,"comment_status":"closed","ping_status":"closed","sticky":false,"template":"","format":"standard","meta":{"_acf_changed":false,"_exactmetrics_skip_tracking":false,"_exactmetrics_sitenote_active":false,"_exactmetrics_sitenote_note":"","_exactmetrics_sitenote_category":0,"footnotes":""},"categories":[1253],"tags":[],"class_list":["post-25810","post","type-post","status-publish","format-standard","has-post-thumbnail","hentry","category-coneixent-els-autors"],"acf":{"libros_enlazados":[5801,6260,5961,6101,18917]},"yoast_head":"<!-- This site is optimized with the Yoast SEO plugin v27.3 - https:\/\/yoast.com\/product\/yoast-seo-wordpress\/ -->\n<title>No cal rugir per ser escoltats - Editorial Juventud<\/title>\n<meta name=\"description\" content=\"Recentment el llibre Com ser un lle\u00f3 d\u2019Ed Vere ha guanyat el premi Oscar\u2019s Book Prize, guard\u00f3 que es concedeix anualment al millor llibre per a nens m\u00e9s\" \/>\n<meta name=\"robots\" content=\"index, follow, max-snippet:-1, max-image-preview:large, max-video-preview:-1\" \/>\n<link rel=\"canonical\" href=\"https:\/\/www.editorialjuventud.es\/ca\/escoltem-les-veus-tranquil\u00b7les\/\" \/>\n<meta property=\"og:locale\" content=\"ca_ES\" \/>\n<meta property=\"og:type\" content=\"article\" \/>\n<meta property=\"og:title\" content=\"No cal rugir per ser escoltats - Editorial Juventud\" \/>\n<meta property=\"og:description\" content=\"Recentment el llibre Com ser un lle\u00f3 d\u2019Ed Vere ha guanyat el premi Oscar\u2019s Book Prize, guard\u00f3 que es concedeix anualment al millor llibre per a nens m\u00e9s\" \/>\n<meta property=\"og:url\" content=\"https:\/\/www.editorialjuventud.es\/ca\/escoltem-les-veus-tranquil\u00b7les\/\" \/>\n<meta property=\"og:site_name\" content=\"Editorial Juventud\" \/>\n<meta property=\"article:published_time\" content=\"2019-05-21T16:11:02+00:00\" \/>\n<meta property=\"article:modified_time\" content=\"2019-06-13T11:46:14+00:00\" \/>\n<meta property=\"og:image\" content=\"https:\/\/www.editorialjuventud.es\/wp-content\/uploads\/Ed-Vere.jpg\" \/>\n\t<meta property=\"og:image:width\" content=\"900\" \/>\n\t<meta property=\"og:image:height\" content=\"601\" \/>\n\t<meta property=\"og:image:type\" content=\"image\/jpeg\" \/>\n<meta name=\"author\" content=\"Elena Zendrera\" \/>\n<meta name=\"twitter:card\" content=\"summary_large_image\" \/>\n<meta name=\"twitter:label1\" content=\"Escrit per\" \/>\n\t<meta name=\"twitter:data1\" content=\"Elena Zendrera\" \/>\n\t<meta name=\"twitter:label2\" content=\"Temps estimat de lectura\" \/>\n\t<meta name=\"twitter:data2\" content=\"3 minuts\" \/>\n<script type=\"application\/ld+json\" class=\"yoast-schema-graph\">{\"@context\":\"https:\\\/\\\/schema.org\",\"@graph\":[{\"@type\":\"Article\",\"@id\":\"https:\\\/\\\/www.editorialjuventud.es\\\/ca\\\/escoltem-les-veus-tranquil%c2%b7les\\\/#article\",\"isPartOf\":{\"@id\":\"https:\\\/\\\/www.editorialjuventud.es\\\/ca\\\/escoltem-les-veus-tranquil%c2%b7les\\\/\"},\"author\":{\"name\":\"Elena Zendrera\",\"@id\":\"https:\\\/\\\/www.editorialjuventud.es\\\/#\\\/schema\\\/person\\\/11adb0e95c8cff9fce7b1d3acea1dc72\"},\"headline\":\"No cal rugir per ser escoltats\",\"datePublished\":\"2019-05-21T16:11:02+00:00\",\"dateModified\":\"2019-06-13T11:46:14+00:00\",\"mainEntityOfPage\":{\"@id\":\"https:\\\/\\\/www.editorialjuventud.es\\\/ca\\\/escoltem-les-veus-tranquil%c2%b7les\\\/\"},\"wordCount\":549,\"image\":{\"@id\":\"https:\\\/\\\/www.editorialjuventud.es\\\/ca\\\/escoltem-les-veus-tranquil%c2%b7les\\\/#primaryimage\"},\"thumbnailUrl\":\"https:\\\/\\\/www.editorialjuventud.es\\\/wp-content\\\/uploads\\\/Ed-Vere.jpg\",\"articleSection\":[\"Coneixent els autors\"],\"inLanguage\":\"ca\"},{\"@type\":\"WebPage\",\"@id\":\"https:\\\/\\\/www.editorialjuventud.es\\\/ca\\\/escoltem-les-veus-tranquil%c2%b7les\\\/\",\"url\":\"https:\\\/\\\/www.editorialjuventud.es\\\/ca\\\/escoltem-les-veus-tranquil%c2%b7les\\\/\",\"name\":\"No cal rugir per ser escoltats - Editorial Juventud\",\"isPartOf\":{\"@id\":\"https:\\\/\\\/www.editorialjuventud.es\\\/#website\"},\"primaryImageOfPage\":{\"@id\":\"https:\\\/\\\/www.editorialjuventud.es\\\/ca\\\/escoltem-les-veus-tranquil%c2%b7les\\\/#primaryimage\"},\"image\":{\"@id\":\"https:\\\/\\\/www.editorialjuventud.es\\\/ca\\\/escoltem-les-veus-tranquil%c2%b7les\\\/#primaryimage\"},\"thumbnailUrl\":\"https:\\\/\\\/www.editorialjuventud.es\\\/wp-content\\\/uploads\\\/Ed-Vere.jpg\",\"datePublished\":\"2019-05-21T16:11:02+00:00\",\"dateModified\":\"2019-06-13T11:46:14+00:00\",\"author\":{\"@id\":\"https:\\\/\\\/www.editorialjuventud.es\\\/#\\\/schema\\\/person\\\/11adb0e95c8cff9fce7b1d3acea1dc72\"},\"description\":\"Recentment el llibre Com ser un lle\u00f3 d\u2019Ed Vere ha guanyat el premi Oscar\u2019s Book Prize, guard\u00f3 que es concedeix anualment al millor llibre per a nens m\u00e9s\",\"breadcrumb\":{\"@id\":\"https:\\\/\\\/www.editorialjuventud.es\\\/ca\\\/escoltem-les-veus-tranquil%c2%b7les\\\/#breadcrumb\"},\"inLanguage\":\"ca\",\"potentialAction\":[{\"@type\":\"ReadAction\",\"target\":[\"https:\\\/\\\/www.editorialjuventud.es\\\/ca\\\/escoltem-les-veus-tranquil%c2%b7les\\\/\"]}]},{\"@type\":\"ImageObject\",\"inLanguage\":\"ca\",\"@id\":\"https:\\\/\\\/www.editorialjuventud.es\\\/ca\\\/escoltem-les-veus-tranquil%c2%b7les\\\/#primaryimage\",\"url\":\"https:\\\/\\\/www.editorialjuventud.es\\\/wp-content\\\/uploads\\\/Ed-Vere.jpg\",\"contentUrl\":\"https:\\\/\\\/www.editorialjuventud.es\\\/wp-content\\\/uploads\\\/Ed-Vere.jpg\",\"width\":900,\"height\":601},{\"@type\":\"BreadcrumbList\",\"@id\":\"https:\\\/\\\/www.editorialjuventud.es\\\/ca\\\/escoltem-les-veus-tranquil%c2%b7les\\\/#breadcrumb\",\"itemListElement\":[{\"@type\":\"ListItem\",\"position\":1,\"name\":\"Portada\",\"item\":\"https:\\\/\\\/www.editorialjuventud.es\\\/\"},{\"@type\":\"ListItem\",\"position\":2,\"name\":\"Coneixent els autors\",\"item\":\"https:\\\/\\\/www.editorialjuventud.es\\\/ca\\\/coneixent-els-autors\\\/\"},{\"@type\":\"ListItem\",\"position\":3,\"name\":\"No cal rugir per ser escoltats\"}]},{\"@type\":\"WebSite\",\"@id\":\"https:\\\/\\\/www.editorialjuventud.es\\\/#website\",\"url\":\"https:\\\/\\\/www.editorialjuventud.es\\\/\",\"name\":\"Editorial Juventud\",\"description\":\"\",\"potentialAction\":[{\"@type\":\"SearchAction\",\"target\":{\"@type\":\"EntryPoint\",\"urlTemplate\":\"https:\\\/\\\/www.editorialjuventud.es\\\/?s={search_term_string}\"},\"query-input\":{\"@type\":\"PropertyValueSpecification\",\"valueRequired\":true,\"valueName\":\"search_term_string\"}}],\"inLanguage\":\"ca\"},{\"@type\":\"Person\",\"@id\":\"https:\\\/\\\/www.editorialjuventud.es\\\/#\\\/schema\\\/person\\\/11adb0e95c8cff9fce7b1d3acea1dc72\",\"name\":\"Elena Zendrera\",\"image\":{\"@type\":\"ImageObject\",\"inLanguage\":\"ca\",\"@id\":\"https:\\\/\\\/secure.gravatar.com\\\/avatar\\\/59be7267a2e960543eb55b531466a56ae5897cdf23be62405fc73cccf0d39145?s=96&d=mm&r=g\",\"url\":\"https:\\\/\\\/secure.gravatar.com\\\/avatar\\\/59be7267a2e960543eb55b531466a56ae5897cdf23be62405fc73cccf0d39145?s=96&d=mm&r=g\",\"contentUrl\":\"https:\\\/\\\/secure.gravatar.com\\\/avatar\\\/59be7267a2e960543eb55b531466a56ae5897cdf23be62405fc73cccf0d39145?s=96&d=mm&r=g\",\"caption\":\"Elena Zendrera\"}}]}<\/script>\n<!-- \/ Yoast SEO plugin. -->","yoast_head_json":{"title":"No cal rugir per ser escoltats - Editorial Juventud","description":"Recentment el llibre Com ser un lle\u00f3 d\u2019Ed Vere ha guanyat el premi Oscar\u2019s Book Prize, guard\u00f3 que es concedeix anualment al millor llibre per a nens m\u00e9s","robots":{"index":"index","follow":"follow","max-snippet":"max-snippet:-1","max-image-preview":"max-image-preview:large","max-video-preview":"max-video-preview:-1"},"canonical":"https:\/\/www.editorialjuventud.es\/ca\/escoltem-les-veus-tranquil\u00b7les\/","og_locale":"ca_ES","og_type":"article","og_title":"No cal rugir per ser escoltats - Editorial Juventud","og_description":"Recentment el llibre Com ser un lle\u00f3 d\u2019Ed Vere ha guanyat el premi Oscar\u2019s Book Prize, guard\u00f3 que es concedeix anualment al millor llibre per a nens m\u00e9s","og_url":"https:\/\/www.editorialjuventud.es\/ca\/escoltem-les-veus-tranquil\u00b7les\/","og_site_name":"Editorial Juventud","article_published_time":"2019-05-21T16:11:02+00:00","article_modified_time":"2019-06-13T11:46:14+00:00","og_image":[{"width":900,"height":601,"url":"https:\/\/www.editorialjuventud.es\/wp-content\/uploads\/Ed-Vere.jpg","type":"image\/jpeg"}],"author":"Elena Zendrera","twitter_card":"summary_large_image","twitter_misc":{"Escrit per":"Elena Zendrera","Temps estimat de lectura":"3 minuts"},"schema":{"@context":"https:\/\/schema.org","@graph":[{"@type":"Article","@id":"https:\/\/www.editorialjuventud.es\/ca\/escoltem-les-veus-tranquil%c2%b7les\/#article","isPartOf":{"@id":"https:\/\/www.editorialjuventud.es\/ca\/escoltem-les-veus-tranquil%c2%b7les\/"},"author":{"name":"Elena Zendrera","@id":"https:\/\/www.editorialjuventud.es\/#\/schema\/person\/11adb0e95c8cff9fce7b1d3acea1dc72"},"headline":"No cal rugir per ser escoltats","datePublished":"2019-05-21T16:11:02+00:00","dateModified":"2019-06-13T11:46:14+00:00","mainEntityOfPage":{"@id":"https:\/\/www.editorialjuventud.es\/ca\/escoltem-les-veus-tranquil%c2%b7les\/"},"wordCount":549,"image":{"@id":"https:\/\/www.editorialjuventud.es\/ca\/escoltem-les-veus-tranquil%c2%b7les\/#primaryimage"},"thumbnailUrl":"https:\/\/www.editorialjuventud.es\/wp-content\/uploads\/Ed-Vere.jpg","articleSection":["Coneixent els autors"],"inLanguage":"ca"},{"@type":"WebPage","@id":"https:\/\/www.editorialjuventud.es\/ca\/escoltem-les-veus-tranquil%c2%b7les\/","url":"https:\/\/www.editorialjuventud.es\/ca\/escoltem-les-veus-tranquil%c2%b7les\/","name":"No cal rugir per ser escoltats - Editorial Juventud","isPartOf":{"@id":"https:\/\/www.editorialjuventud.es\/#website"},"primaryImageOfPage":{"@id":"https:\/\/www.editorialjuventud.es\/ca\/escoltem-les-veus-tranquil%c2%b7les\/#primaryimage"},"image":{"@id":"https:\/\/www.editorialjuventud.es\/ca\/escoltem-les-veus-tranquil%c2%b7les\/#primaryimage"},"thumbnailUrl":"https:\/\/www.editorialjuventud.es\/wp-content\/uploads\/Ed-Vere.jpg","datePublished":"2019-05-21T16:11:02+00:00","dateModified":"2019-06-13T11:46:14+00:00","author":{"@id":"https:\/\/www.editorialjuventud.es\/#\/schema\/person\/11adb0e95c8cff9fce7b1d3acea1dc72"},"description":"Recentment el llibre Com ser un lle\u00f3 d\u2019Ed Vere ha guanyat el premi Oscar\u2019s Book Prize, guard\u00f3 que es concedeix anualment al millor llibre per a nens m\u00e9s","breadcrumb":{"@id":"https:\/\/www.editorialjuventud.es\/ca\/escoltem-les-veus-tranquil%c2%b7les\/#breadcrumb"},"inLanguage":"ca","potentialAction":[{"@type":"ReadAction","target":["https:\/\/www.editorialjuventud.es\/ca\/escoltem-les-veus-tranquil%c2%b7les\/"]}]},{"@type":"ImageObject","inLanguage":"ca","@id":"https:\/\/www.editorialjuventud.es\/ca\/escoltem-les-veus-tranquil%c2%b7les\/#primaryimage","url":"https:\/\/www.editorialjuventud.es\/wp-content\/uploads\/Ed-Vere.jpg","contentUrl":"https:\/\/www.editorialjuventud.es\/wp-content\/uploads\/Ed-Vere.jpg","width":900,"height":601},{"@type":"BreadcrumbList","@id":"https:\/\/www.editorialjuventud.es\/ca\/escoltem-les-veus-tranquil%c2%b7les\/#breadcrumb","itemListElement":[{"@type":"ListItem","position":1,"name":"Portada","item":"https:\/\/www.editorialjuventud.es\/"},{"@type":"ListItem","position":2,"name":"Coneixent els autors","item":"https:\/\/www.editorialjuventud.es\/ca\/coneixent-els-autors\/"},{"@type":"ListItem","position":3,"name":"No cal rugir per ser escoltats"}]},{"@type":"WebSite","@id":"https:\/\/www.editorialjuventud.es\/#website","url":"https:\/\/www.editorialjuventud.es\/","name":"Editorial Juventud","description":"","potentialAction":[{"@type":"SearchAction","target":{"@type":"EntryPoint","urlTemplate":"https:\/\/www.editorialjuventud.es\/?s={search_term_string}"},"query-input":{"@type":"PropertyValueSpecification","valueRequired":true,"valueName":"search_term_string"}}],"inLanguage":"ca"},{"@type":"Person","@id":"https:\/\/www.editorialjuventud.es\/#\/schema\/person\/11adb0e95c8cff9fce7b1d3acea1dc72","name":"Elena Zendrera","image":{"@type":"ImageObject","inLanguage":"ca","@id":"https:\/\/secure.gravatar.com\/avatar\/59be7267a2e960543eb55b531466a56ae5897cdf23be62405fc73cccf0d39145?s=96&d=mm&r=g","url":"https:\/\/secure.gravatar.com\/avatar\/59be7267a2e960543eb55b531466a56ae5897cdf23be62405fc73cccf0d39145?s=96&d=mm&r=g","contentUrl":"https:\/\/secure.gravatar.com\/avatar\/59be7267a2e960543eb55b531466a56ae5897cdf23be62405fc73cccf0d39145?s=96&d=mm&r=g","caption":"Elena Zendrera"}}]}},"_links":{"self":[{"href":"https:\/\/www.editorialjuventud.es\/ca\/wp-json\/wp\/v2\/posts\/25810","targetHints":{"allow":["GET"]}}],"collection":[{"href":"https:\/\/www.editorialjuventud.es\/ca\/wp-json\/wp\/v2\/posts"}],"about":[{"href":"https:\/\/www.editorialjuventud.es\/ca\/wp-json\/wp\/v2\/types\/post"}],"author":[{"embeddable":true,"href":"https:\/\/www.editorialjuventud.es\/ca\/wp-json\/wp\/v2\/users\/47"}],"replies":[{"embeddable":true,"href":"https:\/\/www.editorialjuventud.es\/ca\/wp-json\/wp\/v2\/comments?post=25810"}],"version-history":[{"count":20,"href":"https:\/\/www.editorialjuventud.es\/ca\/wp-json\/wp\/v2\/posts\/25810\/revisions"}],"predecessor-version":[{"id":27084,"href":"https:\/\/www.editorialjuventud.es\/ca\/wp-json\/wp\/v2\/posts\/25810\/revisions\/27084"}],"wp:featuredmedia":[{"embeddable":true,"href":"https:\/\/www.editorialjuventud.es\/ca\/wp-json\/wp\/v2\/media\/25822"}],"wp:attachment":[{"href":"https:\/\/www.editorialjuventud.es\/ca\/wp-json\/wp\/v2\/media?parent=25810"}],"wp:term":[{"taxonomy":"category","embeddable":true,"href":"https:\/\/www.editorialjuventud.es\/ca\/wp-json\/wp\/v2\/categories?post=25810"},{"taxonomy":"post_tag","embeddable":true,"href":"https:\/\/www.editorialjuventud.es\/ca\/wp-json\/wp\/v2\/tags?post=25810"}],"curies":[{"name":"wp","href":"https:\/\/api.w.org\/{rel}","templated":true}]}}